{"id":4413,"date":"2025-11-21T11:29:45","date_gmt":"2025-11-21T10:29:45","guid":{"rendered":"https:\/\/www.surpol.com\/?p=4413"},"modified":"2025-11-21T11:33:02","modified_gmt":"2025-11-21T10:33:02","slug":"surpol-i-marius-marti-avui-presents-a-la-trobada-de-voluntaris-de-la-fundacio-pimec","status":"publish","type":"post","link":"https:\/\/www.surpol.com\/es\/surpol-i-marius-marti-avui-presents-a-la-trobada-de-voluntaris-de-la-fundacio-pimec\/","title":{"rendered":"SURPOL y M\u00e0rius Mart\u00ed, hoy presentes en el \u201cEncuentro de Voluntarios de la Fundaci\u00f3n PIMEC\u201d."},"content":{"rendered":"<div data-elementor-type=\"wp-post\" data-elementor-id=\"4413\" class=\"elementor elementor-4413\" data-elementor-post-type=\"post\">\n\t\t\t\t\t\t<section data-particle_enable=\"false\" data-particle-mobile-disabled=\"false\" class=\"elementor-section elementor-top-section elementor-element elementor-element-5db8e68 elementor-section-boxed elementor-section-height-default elementor-section-height-default\" data-id=\"5db8e68\" data-element_type=\"section\" data-e-type=\"section\">\n\t\t\t\t\t\t<div class=\"elementor-container elementor-column-gap-default\">\n\t\t\t\t\t<div class=\"elementor-column elementor-col-50 elementor-top-column elementor-element elementor-element-11554c3\" data-id=\"11554c3\" data-element_type=\"column\" data-e-type=\"column\">\n\t\t\t<div class=\"elementor-widget-wrap elementor-element-populated\">\n\t\t\t\t\t\t<div class=\"elementor-element elementor-element-f114efa elementor-widget elementor-widget-image\" data-id=\"f114efa\" data-element_type=\"widget\" data-e-type=\"widget\" data-widget_type=\"image.default\">\n\t\t\t\t<div class=\"elementor-widget-container\">\n\t\t\t\t\t\t\t\t\t\t\t\t\t\t\t<img fetchpriority=\"high\" decoding=\"async\" width=\"582\" height=\"396\" src=\"https:\/\/www.surpol.com\/wp-content\/uploads\/2025\/11\/pimec11.jpg\" class=\"attachment-large size-large wp-image-4420\" alt=\"\" srcset=\"https:\/\/www.surpol.com\/wp-content\/uploads\/2025\/11\/pimec11.jpg 582w, https:\/\/www.surpol.com\/wp-content\/uploads\/2025\/11\/pimec11-300x204.jpg 300w, https:\/\/www.surpol.com\/wp-content\/uploads\/2025\/11\/pimec11-18x12.jpg 18w\" sizes=\"(max-width: 582px) 100vw, 582px\" \/>\t\t\t\t\t\t\t\t\t\t\t\t\t\t\t<\/div>\n\t\t\t\t<\/div>\n\t\t\t\t\t<\/div>\n\t\t<\/div>\n\t\t\t\t<div class=\"elementor-column elementor-col-50 elementor-top-column elementor-element elementor-element-c36b457\" data-id=\"c36b457\" data-element_type=\"column\" data-e-type=\"column\">\n\t\t\t<div class=\"elementor-widget-wrap elementor-element-populated\">\n\t\t\t\t\t\t<div class=\"elementor-element elementor-element-be6d6ab elementor-align-right elementor-widget elementor-widget-post-info\" data-id=\"be6d6ab\" data-element_type=\"widget\" data-e-type=\"widget\" data-widget_type=\"post-info.default\">\n\t\t\t\t<div class=\"elementor-widget-container\">\n\t\t\t\t\t\t\t<ul class=\"elementor-inline-items elementor-icon-list-items elementor-post-info\">\n\t\t\t\t\t\t\t\t<li class=\"elementor-icon-list-item elementor-repeater-item-b542693 elementor-inline-item\" itemprop=\"author\">\n\t\t\t\t\t\t<a href=\"https:\/\/www.surpol.com\/es\/author\/marius-marti\/\">\n\t\t\t\t\t\t\t\t\t\t\t<span class=\"elementor-icon-list-icon\">\n\t\t\t\t\t\t\t\t<i aria-hidden=\"true\" class=\"far fa-user-circle\"><\/i>\t\t\t\t\t\t\t<\/span>\n\t\t\t\t\t\t\t\t\t<span class=\"elementor-icon-list-text elementor-post-info__item elementor-post-info__item--type-author\">\n\t\t\t\t\t\t\t\t\t\tMarius Mart\u00ed\t\t\t\t\t<\/span>\n\t\t\t\t\t\t\t\t\t<\/a>\n\t\t\t\t<\/li>\n\t\t\t\t<li class=\"elementor-icon-list-item elementor-repeater-item-edd9c5c elementor-inline-item\" itemprop=\"datePublished\">\n\t\t\t\t\t\t<a href=\"https:\/\/www.surpol.com\/es\/2025\/11\/21\/\">\n\t\t\t\t\t\t\t\t\t\t\t<span class=\"elementor-icon-list-icon\">\n\t\t\t\t\t\t\t\t<i aria-hidden=\"true\" class=\"fas fa-calendar\"><\/i>\t\t\t\t\t\t\t<\/span>\n\t\t\t\t\t\t\t\t\t<span class=\"elementor-icon-list-text elementor-post-info__item elementor-post-info__item--type-date\">\n\t\t\t\t\t\t\t\t\t\t<time>noviembre 21, 2025<\/time>\t\t\t\t\t<\/span>\n\t\t\t\t\t\t\t\t\t<\/a>\n\t\t\t\t<\/li>\n\t\t\t\t<\/ul>\n\t\t\t\t\t\t<\/div>\n\t\t\t\t<\/div>\n\t\t\t\t<div class=\"elementor-element elementor-element-09e8316 elementor-widget__width-initial elementor-widget elementor-widget-heading\" data-id=\"09e8316\" data-element_type=\"widget\" data-e-type=\"widget\" data-widget_type=\"heading.default\">\n\t\t\t\t<div class=\"elementor-widget-container\">\n\t\t\t\t\t<h1 class=\"elementor-heading-title elementor-size-default\">SURPOL y M\u00e0rius Mart\u00ed, hoy presentes en el \u201cEncuentro de Voluntarios de la Fundaci\u00f3n PIMEC\u201d.<\/h1>\t\t\t\t<\/div>\n\t\t\t\t<\/div>\n\t\t\t\t<div class=\"elementor-element elementor-element-efefcf2 elementor-widget__width-initial elementor-widget elementor-widget-text-editor\" data-id=\"efefcf2\" data-element_type=\"widget\" data-e-type=\"widget\" data-widget_type=\"text-editor.default\">\n\t\t\t\t<div class=\"elementor-widget-container\">\n\t\t\t\t\t\t\t\t\t<p data-start=\"218\" data-end=\"609\">Avui hem celebrat els <strong>18 anys de la Fundaci\u00f3 PIMEC<\/strong>, una entitat de refer\u00e8ncia amb un fort comprom\u00eds social i empresarial que treballa per donar suport a nous emprenedors, persones aut\u00f2nomes i microempreses que es troben en dificultats. Una tasca que contribueix a enfortir el teixit productiu del nostre pa\u00eds i a impulsar oportunitats reals per a moltes persones.<\/p><p data-start=\"611\" data-end=\"986\">Des de <strong>SURPOL<\/strong> participem activament en els seus programes d\u2019ajuda i mentoria, amb l\u2019objectiu de continuar impulsant nous talents, acompanyar projectes emergents i preservar el talent s\u00e8nior, que tant valor aporta a les organitzacions. Creiem fermament en la import\u00e0ncia de compartir experi\u00e8ncia, coneixement i suport, i \u00e9s un orgull formar part d\u2019aquesta xarxa de voluntaris.<\/p>\t\t\t\t\t\t\t\t<\/div>\n\t\t\t\t<\/div>\n\t\t\t\t\t<\/div>\n\t\t<\/div>\n\t\t\t\t\t<\/div>\n\t\t<\/section>\n\t\t\t\t<section data-particle_enable=\"false\" data-particle-mobile-disabled=\"false\" class=\"elementor-section elementor-top-section elementor-element elementor-element-46554d8 elementor-section-boxed elementor-section-height-default elementor-section-height-default\" data-id=\"46554d8\" data-element_type=\"section\" data-e-type=\"section\">\n\t\t\t\t\t\t<div class=\"elementor-container elementor-column-gap-default\">\n\t\t\t\t\t<div class=\"elementor-column elementor-col-50 elementor-top-column elementor-element elementor-element-5065228\" data-id=\"5065228\" data-element_type=\"column\" data-e-type=\"column\">\n\t\t\t<div class=\"elementor-widget-wrap elementor-element-populated\">\n\t\t\t\t\t\t<div class=\"elementor-element elementor-element-5c16d18 elementor-widget__width-initial elementor-widget elementor-widget-text-editor\" data-id=\"5c16d18\" data-element_type=\"widget\" data-e-type=\"widget\" data-widget_type=\"text-editor.default\">\n\t\t\t\t<div class=\"elementor-widget-container\">\n\t\t\t\t\t\t\t\t\t<p>Durant l\u2019acte, tant el president de la Fundaci\u00f3, el <strong>Sr. Josep Gonz\u00e1lez<\/strong>, com la directora, la <strong>Marta Amor\u00f3s<\/strong>, han presentat la mem\u00f2ria del 2025. Tamb\u00e9 hem pogut con\u00e8ixer, de la m\u00e0 del coordinador de la xarxa, en <strong>Juanjo P\u00e9rez<\/strong>, i de la <strong>J\u00falia G\u00f3mez<\/strong>, les principals l\u00ednies d\u2019actuaci\u00f3 i els nous projectes previstos per al 2026.<\/p><p>Continuem treballant pel talent s\u00e8nior, pels nous emprenedors i per totes aquelles empreses que necessiten orientaci\u00f3 i suport.<\/p><p>Ha estat un dia ple d\u2019il\u00b7lusi\u00f3, reconeixement i esperan\u00e7a, que ens recorda que la suma de moltes petites accions \u00e9s la que fa bategar el cor de la Fundaci\u00f3 PIMEC i que, entre tots, constru\u00efm un futur empresarial m\u00e9s hum\u00e0 i solidari.<\/p>\t\t\t\t\t\t\t\t<\/div>\n\t\t\t\t<\/div>\n\t\t\t\t<section data-particle_enable=\"false\" data-particle-mobile-disabled=\"false\" class=\"elementor-section elementor-inner-section elementor-element elementor-element-2d18b21 elementor-section-boxed elementor-section-height-default elementor-section-height-default\" data-id=\"2d18b21\" data-element_type=\"section\" data-e-type=\"section\">\n\t\t\t\t\t\t<div class=\"elementor-container elementor-column-gap-default\">\n\t\t\t\t\t<div class=\"elementor-column elementor-col-50 elementor-inner-column elementor-element elementor-element-c6ab1cd\" data-id=\"c6ab1cd\" data-element_type=\"column\" data-e-type=\"column\">\n\t\t\t<div class=\"elementor-widget-wrap elementor-element-populated\">\n\t\t\t\t\t\t<div class=\"elementor-element elementor-element-562f4e1 elementor-widget elementor-widget-image\" data-id=\"562f4e1\" data-element_type=\"widget\" data-e-type=\"widget\" data-widget_type=\"image.default\">\n\t\t\t\t<div class=\"elementor-widget-container\">\n\t\t\t\t\t\t\t\t\t\t\t\t\t\t\t<img decoding=\"async\" width=\"685\" height=\"468\" src=\"https:\/\/www.surpol.com\/wp-content\/uploads\/2025\/11\/pimec22.jpg\" class=\"attachment-large size-large wp-image-4422\" alt=\"\" srcset=\"https:\/\/www.surpol.com\/wp-content\/uploads\/2025\/11\/pimec22.jpg 685w, https:\/\/www.surpol.com\/wp-content\/uploads\/2025\/11\/pimec22-300x205.jpg 300w, https:\/\/www.surpol.com\/wp-content\/uploads\/2025\/11\/pimec22-18x12.jpg 18w\" sizes=\"(max-width: 685px) 100vw, 685px\" \/>\t\t\t\t\t\t\t\t\t\t\t\t\t\t\t<\/div>\n\t\t\t\t<\/div>\n\t\t\t\t\t<\/div>\n\t\t<\/div>\n\t\t\t\t<div class=\"elementor-column elementor-col-50 elementor-inner-column elementor-element elementor-element-98645f5\" data-id=\"98645f5\" data-element_type=\"column\" data-e-type=\"column\">\n\t\t\t<div class=\"elementor-widget-wrap elementor-element-populated\">\n\t\t\t\t\t\t<div class=\"elementor-element elementor-element-c11c7ac elementor-widget elementor-widget-image\" data-id=\"c11c7ac\" data-element_type=\"widget\" data-e-type=\"widget\" data-widget_type=\"image.default\">\n\t\t\t\t<div class=\"elementor-widget-container\">\n\t\t\t\t\t\t\t\t\t\t\t\t\t\t\t<img decoding=\"async\" width=\"656\" height=\"481\" src=\"https:\/\/www.surpol.com\/wp-content\/uploads\/2025\/11\/pimec33.jpg\" class=\"attachment-large size-large wp-image-4421\" alt=\"\" srcset=\"https:\/\/www.surpol.com\/wp-content\/uploads\/2025\/11\/pimec33.jpg 656w, https:\/\/www.surpol.com\/wp-content\/uploads\/2025\/11\/pimec33-300x220.jpg 300w, https:\/\/www.surpol.com\/wp-content\/uploads\/2025\/11\/pimec33-16x12.jpg 16w\" sizes=\"(max-width: 656px) 100vw, 656px\" \/>\t\t\t\t\t\t\t\t\t\t\t\t\t\t\t<\/div>\n\t\t\t\t<\/div>\n\t\t\t\t\t<\/div>\n\t\t<\/div>\n\t\t\t\t\t<\/div>\n\t\t<\/section>\n\t\t\t\t\t<\/div>\n\t\t<\/div>\n\t\t\t\t<div class=\"elementor-column elementor-col-50 elementor-top-column elementor-element elementor-element-cf698bf\" data-id=\"cf698bf\" data-element_type=\"column\" data-e-type=\"column\">\n\t\t\t<div class=\"elementor-widget-wrap elementor-element-populated\">\n\t\t\t\t\t\t<div class=\"elementor-element elementor-element-95ac2fd elementor-widget elementor-widget-image\" data-id=\"95ac2fd\" data-element_type=\"widget\" data-e-type=\"widget\" data-widget_type=\"image.default\">\n\t\t\t\t<div class=\"elementor-widget-container\">\n\t\t\t\t\t\t\t\t\t\t\t\t\t\t\t<img loading=\"lazy\" decoding=\"async\" width=\"559\" height=\"725\" src=\"https:\/\/www.surpol.com\/wp-content\/uploads\/2025\/11\/pimec44.jpg\" class=\"attachment-large size-large wp-image-4423\" alt=\"\" srcset=\"https:\/\/www.surpol.com\/wp-content\/uploads\/2025\/11\/pimec44.jpg 559w, https:\/\/www.surpol.com\/wp-content\/uploads\/2025\/11\/pimec44-231x300.jpg 231w, https:\/\/www.surpol.com\/wp-content\/uploads\/2025\/11\/pimec44-9x12.jpg 9w\" sizes=\"(max-width: 559px) 100vw, 559px\" \/>\t\t\t\t\t\t\t\t\t\t\t\t\t\t\t<\/div>\n\t\t\t\t<\/div>\n\t\t\t\t\t<\/div>\n\t\t<\/div>\n\t\t\t\t\t<\/div>\n\t\t<\/section>\n\t\t\t\t<section data-particle_enable=\"false\" data-particle-mobile-disabled=\"false\" class=\"elementor-section elementor-top-section elementor-element elementor-element-8823c3e elementor-section-boxed elementor-section-height-default elementor-section-height-default\" data-id=\"8823c3e\" data-element_type=\"section\" data-e-type=\"section\">\n\t\t\t\t\t\t<div class=\"elementor-container elementor-column-gap-default\">\n\t\t\t\t\t<div class=\"elementor-column elementor-col-100 elementor-top-column elementor-element elementor-element-61c8672\" data-id=\"61c8672\" data-element_type=\"column\" data-e-type=\"column\">\n\t\t\t<div class=\"elementor-widget-wrap elementor-element-populated\">\n\t\t\t\t\t\t<div class=\"elementor-element elementor-element-6edca4c eael-post-list-col-3 elementor-widget elementor-widget-global elementor-global-3860 elementor-widget-eael-post-list\" data-id=\"6edca4c\" data-element_type=\"widget\" data-e-type=\"widget\" data-widget_type=\"eael-post-list.default\">\n\t\t\t\t<div class=\"elementor-widget-container\">\n\t\t\t\t\t<div class=\"eael-post-list-container default layout-default\"><div class=\"eael-post-list-header\"><div class=\"header-title\">\n                            <h2 class=\"title\">El Blog de Surpol<\/h2>\n                        <\/div><\/div><div class=\"eael-post-list-wrap\"><div class=\"eael-post-list-posts-wrap eael-post-appender eael-post-appender-6edca4c\"><div class=\"eael-post-list-post\"><div class=\"eael-post-list-thumbnail\"><img decoding=\"async\" src=\"https:\/\/www.surpol.com\/wp-content\/uploads\/2026\/02\/Vencat-1024x683.png\" alt=\"\"><a href=\"https:\/\/www.surpol.com\/es\/del-ventcat-a-la-prevencio-laboral\/\"><\/a>\n            <\/div><div class=\"eael-post-list-content\"><h2 class=\"eael-post-list-title\"><a href=\"https:\/\/www.surpol.com\/es\/del-ventcat-a-la-prevencio-laboral\/\">Del Ventcat a la prevenci\u00f3n laboral: que han de cambiar las empresas despu\u00e9s de los ultimos temporales de viento.<\/a><\/h2><div class=\"meta\">\n                    <span><i class=\"far fa-calendar-alt\"><\/i> febrero 18, 2026<\/span>\n                <\/div><\/div><\/div><div class=\"eael-post-list-post\"><div class=\"eael-post-list-thumbnail\"><img decoding=\"async\" src=\"https:\/\/www.surpol.com\/wp-content\/uploads\/2026\/01\/simposi.jpg\" alt=\"\"><a href=\"https:\/\/www.surpol.com\/es\/seguridad-y-salud-laboral-un-compromiso-que-no-caduca\/\"><\/a>\n            <\/div><div class=\"eael-post-list-content\"><h2 class=\"eael-post-list-title\"><a href=\"https:\/\/www.surpol.com\/es\/seguridad-y-salud-laboral-un-compromiso-que-no-caduca\/\">Seguridad y salud laboral: un compromiso que no caduca<\/a><\/h2><div class=\"meta\">\n                    <span><i class=\"far fa-calendar-alt\"><\/i> enero 30, 2026<\/span>\n                <\/div><\/div><\/div><div class=\"eael-post-list-post\"><div class=\"eael-post-list-thumbnail\"><img decoding=\"async\" src=\"https:\/\/www.surpol.com\/wp-content\/uploads\/2026\/01\/Curs-Calidad-del-aire-2026_cast.png\" alt=\"\"><a href=\"https:\/\/www.surpol.com\/es\/la-calidad-del-aire-interior-de-la-normativa-a-la-practica\/\"><\/a>\n            <\/div><div class=\"eael-post-list-content\"><h2 class=\"eael-post-list-title\"><a href=\"https:\/\/www.surpol.com\/es\/la-calidad-del-aire-interior-de-la-normativa-a-la-practica\/\">La Calidad del Aire Interior: de la normativa a la pr\u00e1ctica<\/a><\/h2><div class=\"meta\">\n                    <span><i class=\"far fa-calendar-alt\"><\/i> enero 14, 2026<\/span>\n                <\/div><\/div><\/div><div class=\"eael-post-list-post\"><div class=\"eael-post-list-thumbnail\"><img decoding=\"async\" src=\"https:\/\/www.surpol.com\/wp-content\/uploads\/2025\/12\/formacions.jpg\" alt=\"\"><a href=\"https:\/\/www.surpol.com\/es\/formaciones-obligatorias-empresas-2026\/\"><\/a>\n            <\/div><div class=\"eael-post-list-content\"><h2 class=\"eael-post-list-title\"><a href=\"https:\/\/www.surpol.com\/es\/formaciones-obligatorias-empresas-2026\/\">\u00bfQu\u00e9 formaciones son obligatorias para las empresas en 2026?<\/a><\/h2><div class=\"meta\">\n                    <span><i class=\"far fa-calendar-alt\"><\/i> diciembre 8, 2025<\/span>\n                <\/div><\/div><\/div><div class=\"eael-post-list-post\"><div class=\"eael-post-list-thumbnail\"><img decoding=\"async\" src=\"https:\/\/www.surpol.com\/wp-content\/uploads\/2025\/11\/pimec11.jpg\" alt=\"\"><a href=\"https:\/\/www.surpol.com\/es\/surpol-i-marius-marti-avui-presents-a-la-trobada-de-voluntaris-de-la-fundacio-pimec\/\"><\/a>\n            <\/div><div class=\"eael-post-list-content\"><h2 class=\"eael-post-list-title\"><a href=\"https:\/\/www.surpol.com\/es\/surpol-i-marius-marti-avui-presents-a-la-trobada-de-voluntaris-de-la-fundacio-pimec\/\">SURPOL y M\u00e0rius Mart\u00ed, hoy presentes en el \u201cEncuentro de Voluntarios de la Fundaci\u00f3n PIMEC\u201d.<\/a><\/h2><div class=\"meta\">\n                    <span><i class=\"far fa-calendar-alt\"><\/i> noviembre 21, 2025<\/span>\n                <\/div><\/div><\/div><div class=\"eael-post-list-post\"><div class=\"eael-post-list-thumbnail\"><img decoding=\"async\" src=\"https:\/\/www.surpol.com\/wp-content\/uploads\/2025\/11\/WhatsApp-Image-2025-11-19-at-09.37.11-2-1024x768.jpeg\" alt=\"\"><a href=\"https:\/\/www.surpol.com\/es\/sessio-sobre-prl-i-documentacio-empresarial-a-lassociacio-dempreses-installadores-del-valles\/\"><\/a>\n            <\/div><div class=\"eael-post-list-content\"><h2 class=\"eael-post-list-title\"><a href=\"https:\/\/www.surpol.com\/es\/sessio-sobre-prl-i-documentacio-empresarial-a-lassociacio-dempreses-installadores-del-valles\/\">Sesi\u00f3n sobre PRL y documentaci\u00f3n empresarial en la Asociaci\u00f3n de Empresas Instaladoras del Vall\u00e8s<\/a><\/h2><div class=\"meta\">\n                    <span><i class=\"far fa-calendar-alt\"><\/i> noviembre 19, 2025<\/span>\n                <\/div><\/div><\/div><div class=\"eael-post-list-post\"><div class=\"eael-post-list-thumbnail\"><img decoding=\"async\" src=\"https:\/\/www.surpol.com\/wp-content\/uploads\/2025\/10\/prevencio.jpg\" alt=\"\"><a href=\"https:\/\/www.surpol.com\/es\/informacio-sobre-els-riscos-laborals-que-com-i-quan-sha-de-comunicar\/\"><\/a>\n            <\/div><div class=\"eael-post-list-content\"><h2 class=\"eael-post-list-title\"><a href=\"https:\/\/www.surpol.com\/es\/informacio-sobre-els-riscos-laborals-que-com-i-quan-sha-de-comunicar\/\">Informaci\u00f3n sobre los riesgos laborales: qu\u00e9, c\u00f3mo y cu\u00e1ndo se debe comunicar<\/a><\/h2><div class=\"meta\">\n                    <span><i class=\"far fa-calendar-alt\"><\/i> octubre 30, 2025<\/span>\n                <\/div><\/div><\/div><div class=\"eael-post-list-post\"><div class=\"eael-post-list-thumbnail\"><img decoding=\"async\" src=\"https:\/\/www.surpol.com\/wp-content\/uploads\/2025\/10\/revisiometge.jpg\" alt=\"\"><a href=\"https:\/\/www.surpol.com\/es\/ens-prenem-seriosament-els-reconeixements-medics-de-vigilancia-de-la-salut\/\"><\/a>\n            <\/div><div class=\"eael-post-list-content\"><h2 class=\"eael-post-list-title\"><a href=\"https:\/\/www.surpol.com\/es\/ens-prenem-seriosament-els-reconeixements-medics-de-vigilancia-de-la-salut\/\">\u00bfNos tomamos en serio los reconocimientos m\u00e9dicos de vigilancia de la salud?<\/a><\/h2><div class=\"meta\">\n                    <span><i class=\"far fa-calendar-alt\"><\/i> octubre 27, 2025<\/span>\n                <\/div><\/div><\/div><div class=\"eael-post-list-post\"><div class=\"eael-post-list-thumbnail\"><img decoding=\"async\" src=\"https:\/\/www.surpol.com\/wp-content\/uploads\/2025\/10\/epis.jpg\" alt=\"\"><a href=\"https:\/\/www.surpol.com\/es\/epi-obligacions-de-lempresa-i-del-treballador\/\"><\/a>\n            <\/div><div class=\"eael-post-list-content\"><h2 class=\"eael-post-list-title\"><a href=\"https:\/\/www.surpol.com\/es\/epi-obligacions-de-lempresa-i-del-treballador\/\">EPI: obligaciones de la empresa y del trabajador<\/a><\/h2><div class=\"meta\">\n                    <span><i class=\"far fa-calendar-alt\"><\/i> octubre 23, 2025<\/span>\n                <\/div><\/div><\/div><\/div><\/div>\n\t\t<\/div><div class=\"post-list-pagination\"  data-nonce=\"bdb20e971a\" data-page-id=\"4413\" data-widget-id=\"6edca4c\" data-template=\"{\"dir\":\"pro\",\"file_name\":\"default.php\",\"name\":\"post-list\"}\" data-widget=\"6edca4c\" data-class=\"Essential_Addons_Elementor\\Pro\\Elements\\Post_List\" data-args=\"orderby=date&order=desc&ignore_sticky_posts=1&post_status=publish&posts_per_page=9&offset=0&post_type=post&tax_query%5B0%5D%5Btaxonomy%5D=category&tax_query%5B0%5D%5Bfield%5D=term_id&tax_query%5B0%5D%5Bterms%5D%5B0%5D=10&tax_query%5Brelation%5D=AND\" data-settings=\"eael_post_list_post_feature_image=yes&eael_post_list_post_meta=yes&eael_post_list_post_title=yes&eael_post_list_post_excerpt=&eael_post_list_featured_area=yes&eael_post_list_featured_meta=yes&eael_post_list_featured_title=yes&eael_post_list_featured_excerpt=no&featured_posts=&eael_post_list_pagination=yes&eael_post_list_layout_type=default&eael_post_list_post_cat=&eael_post_list_title_tag=h2&eael_post_featured_image_size=large\" data-page=\"1\" data-scroll-on-pagination=\"0\" data-scroll-offset=\"100\" >\n                <button class=\"btn btn-prev-post\" id=\"post-nav-prev-6edca4c\" disabled=\"true\"><i aria-hidden=\"true\" class=\"fas fa-angle-left\"><\/i><\/button><button class=\"btn btn-next-post\" id=\"post-nav-next-6edca4c\"><i aria-hidden=\"true\" class=\"fas fa-angle-right\"><\/i><\/button>\n\t\t\t<\/div>\t\t\t\t<\/div>\n\t\t\t\t<\/div>\n\t\t\t\t\t<\/div>\n\t\t<\/div>\n\t\t\t\t\t<\/div>\n\t\t<\/section>\n\t\t\t\t<\/div>","protected":false},"excerpt":{"rendered":"<p>SURPOL ha participat avui a la Trobada de Voluntaris de la Fundaci\u00f3 PIMEC, celebrant els seus 18 anys de comprom\u00eds social i suport a emprenedors, aut\u00f2noms i microempreses. Un espai d\u2019il\u00b7lusi\u00f3, aprenentatge i noves iniciatives per al 2026, on reafirmem el nostre comprom\u00eds amb el talent i el teixit empresarial.<\/p>","protected":false},"author":5,"featured_media":4420,"comment_status":"closed","ping_status":"closed","sticky":false,"template":"","format":"standard","meta":{"footnotes":""},"categories":[10],"tags":[],"class_list":["post-4413","post","type-post","status-publish","format-standard","has-post-thumbnail","hentry","category-blog"],"yoast_head":"<!-- This site is optimized with the Yoast SEO Premium plugin v22.9 (Yoast SEO v27.3) - https:\/\/yoast.com\/product\/yoast-seo-premium-wordpress\/ -->\n<title>SURPOL i M\u00e0rius Mart\u00ed, avui presents a la \u201cTrobada de Voluntaris de la Fundaci\u00f3 PIMEC\u201d. - Surpol<\/title>\n<meta name=\"description\" content=\"La Llei 31\/1995 estableix que els treballadors han de rebre informaci\u00f3 clara i actualitzada sobre els riscos del seu lloc de treball. En aquest article t\u2019expliquem de qu\u00e8 s\u2019ha d\u2019informar, com s\u2019ha de fer i amb quina freq\u00fc\u00e8ncia per garantir una veritable cultura preventiva dins l\u2019empresa.\" \/>\n<meta name=\"robots\" content=\"index, follow, max-snippet:-1, max-image-preview:large, max-video-preview:-1\" \/>\n<link rel=\"canonical\" href=\"https:\/\/www.surpol.com\/es\/surpol-i-marius-marti-avui-presents-a-la-trobada-de-voluntaris-de-la-fundacio-pimec\/\" \/>\n<meta property=\"og:locale\" content=\"es_ES\" \/>\n<meta property=\"og:type\" content=\"article\" \/>\n<meta property=\"og:title\" content=\"SURPOL i M\u00e0rius Mart\u00ed, avui presents a la \u201cTrobada de Voluntaris de la Fundaci\u00f3 PIMEC\u201d.\" \/>\n<meta property=\"og:description\" content=\"La Llei 31\/1995 estableix que els treballadors han de rebre informaci\u00f3 clara i actualitzada sobre els riscos del seu lloc de treball. En aquest article t\u2019expliquem de qu\u00e8 s\u2019ha d\u2019informar, com s\u2019ha de fer i amb quina freq\u00fc\u00e8ncia per garantir una veritable cultura preventiva dins l\u2019empresa.\" \/>\n<meta property=\"og:url\" content=\"https:\/\/www.surpol.com\/es\/surpol-i-marius-marti-avui-presents-a-la-trobada-de-voluntaris-de-la-fundacio-pimec\/\" \/>\n<meta property=\"og:site_name\" content=\"Surpol\" \/>\n<meta property=\"article:published_time\" content=\"2025-11-21T10:29:45+00:00\" \/>\n<meta property=\"article:modified_time\" content=\"2025-11-21T10:33:02+00:00\" \/>\n<meta property=\"og:image\" content=\"https:\/\/www.surpol.com\/wp-content\/uploads\/2025\/11\/pimec11.jpg\" \/>\n\t<meta property=\"og:image:width\" content=\"582\" \/>\n\t<meta property=\"og:image:height\" content=\"396\" \/>\n\t<meta property=\"og:image:type\" content=\"image\/jpeg\" \/>\n<meta name=\"author\" content=\"Marius Mart\u00ed\" \/>\n<meta name=\"twitter:card\" content=\"summary_large_image\" \/>\n<meta name=\"twitter:label1\" content=\"Escrito por\" \/>\n\t<meta name=\"twitter:data1\" content=\"Marius Mart\u00ed\" \/>\n\t<meta name=\"twitter:label2\" content=\"Tiempo de lectura\" \/>\n\t<meta name=\"twitter:data2\" content=\"5 minutos\" \/>\n<script type=\"application\/ld+json\" class=\"yoast-schema-graph\">{\"@context\":\"https:\\\/\\\/schema.org\",\"@graph\":[{\"@type\":\"Article\",\"@id\":\"https:\\\/\\\/www.surpol.com\\\/surpol-i-marius-marti-avui-presents-a-la-trobada-de-voluntaris-de-la-fundacio-pimec\\\/#article\",\"isPartOf\":{\"@id\":\"https:\\\/\\\/www.surpol.com\\\/surpol-i-marius-marti-avui-presents-a-la-trobada-de-voluntaris-de-la-fundacio-pimec\\\/\"},\"author\":{\"name\":\"Marius Mart\u00ed\",\"@id\":\"https:\\\/\\\/www.surpol.com\\\/#\\\/schema\\\/person\\\/e5f8a02f37bf5e1e5e46de1aa64f6241\"},\"headline\":\"SURPOL i M\u00e0rius Mart\u00ed, avui presents a la \u201cTrobada de Voluntaris de la Fundaci\u00f3 PIMEC\u201d.\",\"datePublished\":\"2025-11-21T10:29:45+00:00\",\"dateModified\":\"2025-11-21T10:33:02+00:00\",\"mainEntityOfPage\":{\"@id\":\"https:\\\/\\\/www.surpol.com\\\/surpol-i-marius-marti-avui-presents-a-la-trobada-de-voluntaris-de-la-fundacio-pimec\\\/\"},\"wordCount\":394,\"publisher\":{\"@id\":\"https:\\\/\\\/www.surpol.com\\\/#organization\"},\"image\":{\"@id\":\"https:\\\/\\\/www.surpol.com\\\/surpol-i-marius-marti-avui-presents-a-la-trobada-de-voluntaris-de-la-fundacio-pimec\\\/#primaryimage\"},\"thumbnailUrl\":\"https:\\\/\\\/www.surpol.com\\\/wp-content\\\/uploads\\\/2025\\\/11\\\/pimec11.jpg\",\"articleSection\":[\"Blog\"],\"inLanguage\":\"es\"},{\"@type\":\"WebPage\",\"@id\":\"https:\\\/\\\/www.surpol.com\\\/surpol-i-marius-marti-avui-presents-a-la-trobada-de-voluntaris-de-la-fundacio-pimec\\\/\",\"url\":\"https:\\\/\\\/www.surpol.com\\\/surpol-i-marius-marti-avui-presents-a-la-trobada-de-voluntaris-de-la-fundacio-pimec\\\/\",\"name\":\"SURPOL i M\u00e0rius Mart\u00ed, avui presents a la \u201cTrobada de Voluntaris de la Fundaci\u00f3 PIMEC\u201d. - Surpol\",\"isPartOf\":{\"@id\":\"https:\\\/\\\/www.surpol.com\\\/#website\"},\"primaryImageOfPage\":{\"@id\":\"https:\\\/\\\/www.surpol.com\\\/surpol-i-marius-marti-avui-presents-a-la-trobada-de-voluntaris-de-la-fundacio-pimec\\\/#primaryimage\"},\"image\":{\"@id\":\"https:\\\/\\\/www.surpol.com\\\/surpol-i-marius-marti-avui-presents-a-la-trobada-de-voluntaris-de-la-fundacio-pimec\\\/#primaryimage\"},\"thumbnailUrl\":\"https:\\\/\\\/www.surpol.com\\\/wp-content\\\/uploads\\\/2025\\\/11\\\/pimec11.jpg\",\"datePublished\":\"2025-11-21T10:29:45+00:00\",\"dateModified\":\"2025-11-21T10:33:02+00:00\",\"description\":\"La Llei 31\\\/1995 estableix que els treballadors han de rebre informaci\u00f3 clara i actualitzada sobre els riscos del seu lloc de treball. En aquest article t\u2019expliquem de qu\u00e8 s\u2019ha d\u2019informar, com s\u2019ha de fer i amb quina freq\u00fc\u00e8ncia per garantir una veritable cultura preventiva dins l\u2019empresa.\",\"breadcrumb\":{\"@id\":\"https:\\\/\\\/www.surpol.com\\\/surpol-i-marius-marti-avui-presents-a-la-trobada-de-voluntaris-de-la-fundacio-pimec\\\/#breadcrumb\"},\"inLanguage\":\"es\",\"potentialAction\":[{\"@type\":\"ReadAction\",\"target\":[\"https:\\\/\\\/www.surpol.com\\\/surpol-i-marius-marti-avui-presents-a-la-trobada-de-voluntaris-de-la-fundacio-pimec\\\/\"]}]},{\"@type\":\"ImageObject\",\"inLanguage\":\"es\",\"@id\":\"https:\\\/\\\/www.surpol.com\\\/surpol-i-marius-marti-avui-presents-a-la-trobada-de-voluntaris-de-la-fundacio-pimec\\\/#primaryimage\",\"url\":\"https:\\\/\\\/www.surpol.com\\\/wp-content\\\/uploads\\\/2025\\\/11\\\/pimec11.jpg\",\"contentUrl\":\"https:\\\/\\\/www.surpol.com\\\/wp-content\\\/uploads\\\/2025\\\/11\\\/pimec11.jpg\",\"width\":582,\"height\":396},{\"@type\":\"BreadcrumbList\",\"@id\":\"https:\\\/\\\/www.surpol.com\\\/surpol-i-marius-marti-avui-presents-a-la-trobada-de-voluntaris-de-la-fundacio-pimec\\\/#breadcrumb\",\"itemListElement\":[{\"@type\":\"ListItem\",\"position\":1,\"name\":\"Inici\",\"item\":\"https:\\\/\\\/www.surpol.com\\\/\"},{\"@type\":\"ListItem\",\"position\":2,\"name\":\"SURPOL i M\u00e0rius Mart\u00ed, avui presents a la \u201cTrobada de Voluntaris de la Fundaci\u00f3 PIMEC\u201d.\"}]},{\"@type\":\"WebSite\",\"@id\":\"https:\\\/\\\/www.surpol.com\\\/#website\",\"url\":\"https:\\\/\\\/www.surpol.com\\\/\",\"name\":\"Surpol - Prevenci\u00f3 en Riscos Laborals\",\"description\":\"Prevenci\u00f3 de riscos laborals\",\"publisher\":{\"@id\":\"https:\\\/\\\/www.surpol.com\\\/#organization\"},\"alternateName\":\"Surpol - Gestion PRL\",\"potentialAction\":[{\"@type\":\"SearchAction\",\"target\":{\"@type\":\"EntryPoint\",\"urlTemplate\":\"https:\\\/\\\/www.surpol.com\\\/?s={search_term_string}\"},\"query-input\":{\"@type\":\"PropertyValueSpecification\",\"valueRequired\":true,\"valueName\":\"search_term_string\"}}],\"inLanguage\":\"es\"},{\"@type\":\"Organization\",\"@id\":\"https:\\\/\\\/www.surpol.com\\\/#organization\",\"name\":\"Surpol\",\"url\":\"https:\\\/\\\/www.surpol.com\\\/\",\"logo\":{\"@type\":\"ImageObject\",\"inLanguage\":\"es\",\"@id\":\"https:\\\/\\\/www.surpol.com\\\/#\\\/schema\\\/logo\\\/image\\\/\",\"url\":\"https:\\\/\\\/www.surpol.com\\\/wp-content\\\/uploads\\\/2024\\\/01\\\/cropped-logo4.png\",\"contentUrl\":\"https:\\\/\\\/www.surpol.com\\\/wp-content\\\/uploads\\\/2024\\\/01\\\/cropped-logo4.png\",\"width\":500,\"height\":268,\"caption\":\"Surpol\"},\"image\":{\"@id\":\"https:\\\/\\\/www.surpol.com\\\/#\\\/schema\\\/logo\\\/image\\\/\"}},{\"@type\":\"Person\",\"@id\":\"https:\\\/\\\/www.surpol.com\\\/#\\\/schema\\\/person\\\/e5f8a02f37bf5e1e5e46de1aa64f6241\",\"name\":\"Marius Mart\u00ed\",\"image\":{\"@type\":\"ImageObject\",\"inLanguage\":\"es\",\"@id\":\"https:\\\/\\\/secure.gravatar.com\\\/avatar\\\/a8eb1c12fde4e2377ed0f8291fc8e526dcbe73f964dfc367577808e468f34eb5?s=96&d=mm&r=g\",\"url\":\"https:\\\/\\\/secure.gravatar.com\\\/avatar\\\/a8eb1c12fde4e2377ed0f8291fc8e526dcbe73f964dfc367577808e468f34eb5?s=96&d=mm&r=g\",\"contentUrl\":\"https:\\\/\\\/secure.gravatar.com\\\/avatar\\\/a8eb1c12fde4e2377ed0f8291fc8e526dcbe73f964dfc367577808e468f34eb5?s=96&d=mm&r=g\",\"caption\":\"Marius Mart\u00ed\"},\"url\":\"https:\\\/\\\/www.surpol.com\\\/es\\\/author\\\/marius-marti\\\/\"}]}<\/script>\n<!-- \/ Yoast SEO Premium plugin. -->","yoast_head_json":{"title":"SURPOL i M\u00e0rius Mart\u00ed, avui presents a la \u201cTrobada de Voluntaris de la Fundaci\u00f3 PIMEC\u201d. - Surpol","description":"Formaci\u00f3n especializada en Calidad del Aire Interior (IAQ) con una visi\u00f3n pr\u00e1ctica y aplicada para mejorar la salud en edificios e infraestructuras.","robots":{"index":"index","follow":"follow","max-snippet":"max-snippet:-1","max-image-preview":"max-image-preview:large","max-video-preview":"max-video-preview:-1"},"canonical":"https:\/\/www.surpol.com\/es\/surpol-i-marius-marti-avui-presents-a-la-trobada-de-voluntaris-de-la-fundacio-pimec\/","og_locale":"es_ES","og_type":"article","og_title":"SURPOL i M\u00e0rius Mart\u00ed, avui presents a la \u201cTrobada de Voluntaris de la Fundaci\u00f3 PIMEC\u201d.","og_description":"La Llei 31\/1995 estableix que els treballadors han de rebre informaci\u00f3 clara i actualitzada sobre els riscos del seu lloc de treball. En aquest article t\u2019expliquem de qu\u00e8 s\u2019ha d\u2019informar, com s\u2019ha de fer i amb quina freq\u00fc\u00e8ncia per garantir una veritable cultura preventiva dins l\u2019empresa.","og_url":"https:\/\/www.surpol.com\/es\/surpol-i-marius-marti-avui-presents-a-la-trobada-de-voluntaris-de-la-fundacio-pimec\/","og_site_name":"Surpol","article_published_time":"2025-11-21T10:29:45+00:00","article_modified_time":"2025-11-21T10:33:02+00:00","og_image":[{"width":582,"height":396,"url":"https:\/\/www.surpol.com\/wp-content\/uploads\/2025\/11\/pimec11.jpg","type":"image\/jpeg"}],"author":"Marius Mart\u00ed","twitter_card":"summary_large_image","twitter_misc":{"Escrito por":"Marius Mart\u00ed","Tiempo de lectura":"5 minutos"},"schema":{"@context":"https:\/\/schema.org","@graph":[{"@type":"Article","@id":"https:\/\/www.surpol.com\/surpol-i-marius-marti-avui-presents-a-la-trobada-de-voluntaris-de-la-fundacio-pimec\/#article","isPartOf":{"@id":"https:\/\/www.surpol.com\/surpol-i-marius-marti-avui-presents-a-la-trobada-de-voluntaris-de-la-fundacio-pimec\/"},"author":{"name":"Marius Mart\u00ed","@id":"https:\/\/www.surpol.com\/#\/schema\/person\/e5f8a02f37bf5e1e5e46de1aa64f6241"},"headline":"SURPOL i M\u00e0rius Mart\u00ed, avui presents a la \u201cTrobada de Voluntaris de la Fundaci\u00f3 PIMEC\u201d.","datePublished":"2025-11-21T10:29:45+00:00","dateModified":"2025-11-21T10:33:02+00:00","mainEntityOfPage":{"@id":"https:\/\/www.surpol.com\/surpol-i-marius-marti-avui-presents-a-la-trobada-de-voluntaris-de-la-fundacio-pimec\/"},"wordCount":394,"publisher":{"@id":"https:\/\/www.surpol.com\/#organization"},"image":{"@id":"https:\/\/www.surpol.com\/surpol-i-marius-marti-avui-presents-a-la-trobada-de-voluntaris-de-la-fundacio-pimec\/#primaryimage"},"thumbnailUrl":"https:\/\/www.surpol.com\/wp-content\/uploads\/2025\/11\/pimec11.jpg","articleSection":["Blog"],"inLanguage":"es"},{"@type":"WebPage","@id":"https:\/\/www.surpol.com\/surpol-i-marius-marti-avui-presents-a-la-trobada-de-voluntaris-de-la-fundacio-pimec\/","url":"https:\/\/www.surpol.com\/surpol-i-marius-marti-avui-presents-a-la-trobada-de-voluntaris-de-la-fundacio-pimec\/","name":"SURPOL i M\u00e0rius Mart\u00ed, avui presents a la \u201cTrobada de Voluntaris de la Fundaci\u00f3 PIMEC\u201d. - Surpol","isPartOf":{"@id":"https:\/\/www.surpol.com\/#website"},"primaryImageOfPage":{"@id":"https:\/\/www.surpol.com\/surpol-i-marius-marti-avui-presents-a-la-trobada-de-voluntaris-de-la-fundacio-pimec\/#primaryimage"},"image":{"@id":"https:\/\/www.surpol.com\/surpol-i-marius-marti-avui-presents-a-la-trobada-de-voluntaris-de-la-fundacio-pimec\/#primaryimage"},"thumbnailUrl":"https:\/\/www.surpol.com\/wp-content\/uploads\/2025\/11\/pimec11.jpg","datePublished":"2025-11-21T10:29:45+00:00","dateModified":"2025-11-21T10:33:02+00:00","description":"Formaci\u00f3n especializada en Calidad del Aire Interior (IAQ) con una visi\u00f3n pr\u00e1ctica y aplicada para mejorar la salud en edificios e infraestructuras.","breadcrumb":{"@id":"https:\/\/www.surpol.com\/surpol-i-marius-marti-avui-presents-a-la-trobada-de-voluntaris-de-la-fundacio-pimec\/#breadcrumb"},"inLanguage":"es","potentialAction":[{"@type":"ReadAction","target":["https:\/\/www.surpol.com\/surpol-i-marius-marti-avui-presents-a-la-trobada-de-voluntaris-de-la-fundacio-pimec\/"]}]},{"@type":"ImageObject","inLanguage":"es","@id":"https:\/\/www.surpol.com\/surpol-i-marius-marti-avui-presents-a-la-trobada-de-voluntaris-de-la-fundacio-pimec\/#primaryimage","url":"https:\/\/www.surpol.com\/wp-content\/uploads\/2025\/11\/pimec11.jpg","contentUrl":"https:\/\/www.surpol.com\/wp-content\/uploads\/2025\/11\/pimec11.jpg","width":582,"height":396},{"@type":"BreadcrumbList","@id":"https:\/\/www.surpol.com\/surpol-i-marius-marti-avui-presents-a-la-trobada-de-voluntaris-de-la-fundacio-pimec\/#breadcrumb","itemListElement":[{"@type":"ListItem","position":1,"name":"Inici","item":"https:\/\/www.surpol.com\/"},{"@type":"ListItem","position":2,"name":"SURPOL i M\u00e0rius Mart\u00ed, avui presents a la \u201cTrobada de Voluntaris de la Fundaci\u00f3 PIMEC\u201d."}]},{"@type":"WebSite","@id":"https:\/\/www.surpol.com\/#website","url":"https:\/\/www.surpol.com\/","name":"Surpol - Prevenci\u00f3 en Riscos Laborals","description":"Prevenci\u00f3 de riscos laborals","publisher":{"@id":"https:\/\/www.surpol.com\/#organization"},"alternateName":"Surpol - Gestion PRL","potentialAction":[{"@type":"SearchAction","target":{"@type":"EntryPoint","urlTemplate":"https:\/\/www.surpol.com\/?s={search_term_string}"},"query-input":{"@type":"PropertyValueSpecification","valueRequired":true,"valueName":"search_term_string"}}],"inLanguage":"es"},{"@type":"Organization","@id":"https:\/\/www.surpol.com\/#organization","name":"Surpol","url":"https:\/\/www.surpol.com\/","logo":{"@type":"ImageObject","inLanguage":"es","@id":"https:\/\/www.surpol.com\/#\/schema\/logo\/image\/","url":"https:\/\/www.surpol.com\/wp-content\/uploads\/2024\/01\/cropped-logo4.png","contentUrl":"https:\/\/www.surpol.com\/wp-content\/uploads\/2024\/01\/cropped-logo4.png","width":500,"height":268,"caption":"Surpol"},"image":{"@id":"https:\/\/www.surpol.com\/#\/schema\/logo\/image\/"}},{"@type":"Person","@id":"https:\/\/www.surpol.com\/#\/schema\/person\/e5f8a02f37bf5e1e5e46de1aa64f6241","name":"Marius Mart\u00ed","image":{"@type":"ImageObject","inLanguage":"es","@id":"https:\/\/secure.gravatar.com\/avatar\/a8eb1c12fde4e2377ed0f8291fc8e526dcbe73f964dfc367577808e468f34eb5?s=96&d=mm&r=g","url":"https:\/\/secure.gravatar.com\/avatar\/a8eb1c12fde4e2377ed0f8291fc8e526dcbe73f964dfc367577808e468f34eb5?s=96&d=mm&r=g","contentUrl":"https:\/\/secure.gravatar.com\/avatar\/a8eb1c12fde4e2377ed0f8291fc8e526dcbe73f964dfc367577808e468f34eb5?s=96&d=mm&r=g","caption":"Marius Mart\u00ed"},"url":"https:\/\/www.surpol.com\/es\/author\/marius-marti\/"}]}},"_links":{"self":[{"href":"https:\/\/www.surpol.com\/es\/wp-json\/wp\/v2\/posts\/4413","targetHints":{"allow":["GET"]}}],"collection":[{"href":"https:\/\/www.surpol.com\/es\/wp-json\/wp\/v2\/posts"}],"about":[{"href":"https:\/\/www.surpol.com\/es\/wp-json\/wp\/v2\/types\/post"}],"author":[{"embeddable":true,"href":"https:\/\/www.surpol.com\/es\/wp-json\/wp\/v2\/users\/5"}],"replies":[{"embeddable":true,"href":"https:\/\/www.surpol.com\/es\/wp-json\/wp\/v2\/comments?post=4413"}],"version-history":[{"count":7,"href":"https:\/\/www.surpol.com\/es\/wp-json\/wp\/v2\/posts\/4413\/revisions"}],"predecessor-version":[{"id":4429,"href":"https:\/\/www.surpol.com\/es\/wp-json\/wp\/v2\/posts\/4413\/revisions\/4429"}],"wp:featuredmedia":[{"embeddable":true,"href":"https:\/\/www.surpol.com\/es\/wp-json\/wp\/v2\/media\/4420"}],"wp:attachment":[{"href":"https:\/\/www.surpol.com\/es\/wp-json\/wp\/v2\/media?parent=4413"}],"wp:term":[{"taxonomy":"category","embeddable":true,"href":"https:\/\/www.surpol.com\/es\/wp-json\/wp\/v2\/categories?post=4413"},{"taxonomy":"post_tag","embeddable":true,"href":"https:\/\/www.surpol.com\/es\/wp-json\/wp\/v2\/tags?post=4413"}],"curies":[{"name":"wp","href":"https:\/\/api.w.org\/{rel}","templated":true}]}}