{"id":4255,"date":"2025-10-10T08:43:55","date_gmt":"2025-10-10T06:43:55","guid":{"rendered":"https:\/\/www.surpol.com\/?p=4255"},"modified":"2025-10-10T08:52:04","modified_gmt":"2025-10-10T06:52:04","slug":"lafectacio-del-soroll-en-les-persones-treballadores","status":"publish","type":"post","link":"https:\/\/www.surpol.com\/es\/lafectacio-del-soroll-en-les-persones-treballadores\/","title":{"rendered":"La afectaci\u00f3n del ruido en las personas trabajadoras"},"content":{"rendered":"<div data-elementor-type=\"wp-post\" data-elementor-id=\"4255\" class=\"elementor elementor-4255\" data-elementor-post-type=\"post\">\n\t\t\t\t\t\t<section data-particle_enable=\"false\" data-particle-mobile-disabled=\"false\" class=\"elementor-section elementor-top-section elementor-element elementor-element-5db8e68 elementor-section-boxed elementor-section-height-default elementor-section-height-default\" data-id=\"5db8e68\" data-element_type=\"section\" data-e-type=\"section\">\n\t\t\t\t\t\t<div class=\"elementor-container elementor-column-gap-default\">\n\t\t\t\t\t<div class=\"elementor-column elementor-col-50 elementor-top-column elementor-element elementor-element-11554c3\" data-id=\"11554c3\" data-element_type=\"column\" data-e-type=\"column\">\n\t\t\t<div class=\"elementor-widget-wrap elementor-element-populated\">\n\t\t\t\t\t\t<div class=\"elementor-element elementor-element-f114efa elementor-widget elementor-widget-image\" data-id=\"f114efa\" data-element_type=\"widget\" data-e-type=\"widget\" data-widget_type=\"image.default\">\n\t\t\t\t<div class=\"elementor-widget-container\">\n\t\t\t\t\t\t\t\t\t\t\t\t\t\t\t<img fetchpriority=\"high\" decoding=\"async\" width=\"465\" height=\"301\" src=\"https:\/\/www.surpol.com\/wp-content\/uploads\/2025\/10\/soroll.jpg\" class=\"attachment-large size-large wp-image-4257\" alt=\"\" srcset=\"https:\/\/www.surpol.com\/wp-content\/uploads\/2025\/10\/soroll.jpg 465w, https:\/\/www.surpol.com\/wp-content\/uploads\/2025\/10\/soroll-300x194.jpg 300w, https:\/\/www.surpol.com\/wp-content\/uploads\/2025\/10\/soroll-18x12.jpg 18w\" sizes=\"(max-width: 465px) 100vw, 465px\" \/>\t\t\t\t\t\t\t\t\t\t\t\t\t\t\t<\/div>\n\t\t\t\t<\/div>\n\t\t\t\t\t<\/div>\n\t\t<\/div>\n\t\t\t\t<div class=\"elementor-column elementor-col-50 elementor-top-column elementor-element elementor-element-c36b457\" data-id=\"c36b457\" data-element_type=\"column\" data-e-type=\"column\">\n\t\t\t<div class=\"elementor-widget-wrap elementor-element-populated\">\n\t\t\t\t\t\t<div class=\"elementor-element elementor-element-be6d6ab elementor-align-right elementor-widget elementor-widget-post-info\" data-id=\"be6d6ab\" data-element_type=\"widget\" data-e-type=\"widget\" data-widget_type=\"post-info.default\">\n\t\t\t\t<div class=\"elementor-widget-container\">\n\t\t\t\t\t\t\t<ul class=\"elementor-inline-items elementor-icon-list-items elementor-post-info\">\n\t\t\t\t\t\t\t\t<li class=\"elementor-icon-list-item elementor-repeater-item-b542693 elementor-inline-item\" itemprop=\"author\">\n\t\t\t\t\t\t<a href=\"https:\/\/www.surpol.com\/es\/author\/marius-marti\/\">\n\t\t\t\t\t\t\t\t\t\t\t<span class=\"elementor-icon-list-icon\">\n\t\t\t\t\t\t\t\t<i aria-hidden=\"true\" class=\"far fa-user-circle\"><\/i>\t\t\t\t\t\t\t<\/span>\n\t\t\t\t\t\t\t\t\t<span class=\"elementor-icon-list-text elementor-post-info__item elementor-post-info__item--type-author\">\n\t\t\t\t\t\t\t\t\t\tMarius Mart\u00ed\t\t\t\t\t<\/span>\n\t\t\t\t\t\t\t\t\t<\/a>\n\t\t\t\t<\/li>\n\t\t\t\t<li class=\"elementor-icon-list-item elementor-repeater-item-edd9c5c elementor-inline-item\" itemprop=\"datePublished\">\n\t\t\t\t\t\t<a href=\"https:\/\/www.surpol.com\/es\/2025\/10\/10\/\">\n\t\t\t\t\t\t\t\t\t\t\t<span class=\"elementor-icon-list-icon\">\n\t\t\t\t\t\t\t\t<i aria-hidden=\"true\" class=\"fas fa-calendar\"><\/i>\t\t\t\t\t\t\t<\/span>\n\t\t\t\t\t\t\t\t\t<span class=\"elementor-icon-list-text elementor-post-info__item elementor-post-info__item--type-date\">\n\t\t\t\t\t\t\t\t\t\t<time>octubre 10, 2025<\/time>\t\t\t\t\t<\/span>\n\t\t\t\t\t\t\t\t\t<\/a>\n\t\t\t\t<\/li>\n\t\t\t\t<\/ul>\n\t\t\t\t\t\t<\/div>\n\t\t\t\t<\/div>\n\t\t\t\t<div class=\"elementor-element elementor-element-09e8316 elementor-widget elementor-widget-heading\" data-id=\"09e8316\" data-element_type=\"widget\" data-e-type=\"widget\" data-widget_type=\"heading.default\">\n\t\t\t\t<div class=\"elementor-widget-container\">\n\t\t\t\t\t<h1 class=\"elementor-heading-title elementor-size-default\">La afectaci\u00f3n del ruido en las personas trabajadoras<\/h1>\t\t\t\t<\/div>\n\t\t\t\t<\/div>\n\t\t\t\t<div class=\"elementor-element elementor-element-efefcf2 elementor-widget__width-initial elementor-widget elementor-widget-text-editor\" data-id=\"efefcf2\" data-element_type=\"widget\" data-e-type=\"widget\" data-widget_type=\"text-editor.default\">\n\t\t\t\t<div class=\"elementor-widget-container\">\n\t\t\t\t\t\t\t\t\t<p>L\u2019afectaci\u00f3 del soroll en les persones, i en particular en les persones treballadores, l\u2019hem d\u2019encarar des de dos vessants: el primer, el de les afectacions estrictament f\u00edsiques, i el segon, el d\u2019un caire m\u00e9s ergon\u00f2mic.<\/p><p>La primera est\u00e0 lligada a l\u2019exposici\u00f3 a un alt nivell de soroll durant un temps perllongat. Quan l\u2019exposici\u00f3 est\u00e0 per damunt dels 80 dB, el risc per a la salut, en el seu aspecte f\u00edsic, comen\u00e7a a apar\u00e8ixer; no cal sentir dolor, per\u00f2 els efectes continuats de l\u2019exposici\u00f3, a mitj\u00e0 o llarg termini, poden causar estralls en la nostra salut.<\/p>\t\t\t\t\t\t\t\t<\/div>\n\t\t\t\t<\/div>\n\t\t\t\t\t<\/div>\n\t\t<\/div>\n\t\t\t\t\t<\/div>\n\t\t<\/section>\n\t\t\t\t<section data-particle_enable=\"false\" data-particle-mobile-disabled=\"false\" class=\"elementor-section elementor-top-section elementor-element elementor-element-46554d8 elementor-section-boxed elementor-section-height-default elementor-section-height-default\" data-id=\"46554d8\" data-element_type=\"section\" data-e-type=\"section\">\n\t\t\t\t\t\t<div class=\"elementor-container elementor-column-gap-default\">\n\t\t\t\t\t<div class=\"elementor-column elementor-col-100 elementor-top-column elementor-element elementor-element-5065228\" data-id=\"5065228\" data-element_type=\"column\" data-e-type=\"column\">\n\t\t\t<div class=\"elementor-widget-wrap elementor-element-populated\">\n\t\t\t\t\t\t<div class=\"elementor-element elementor-element-5c16d18 elementor-widget__width-initial elementor-widget elementor-widget-text-editor\" data-id=\"5c16d18\" data-element_type=\"widget\" data-e-type=\"widget\" data-widget_type=\"text-editor.default\">\n\t\t\t\t<div class=\"elementor-widget-container\">\n\t\t\t\t\t\t\t\t\t<p>D\u2019altra banda, quan hi ha exposici\u00f3, encara que sigui puntual, per damunt dels 120\/130 dB, es pot produir dolor, ja que aquesta intensitat \u00e9s el llindar del dolor, i tamb\u00e9 es poden produir lesions.<\/p><p>Tanmateix, hi ha exposicions a nivells sonors molt per sota dels 80 dB que no tenen efectes sobre la salut f\u00edsica, per\u00f2 s\u00ed que generen esgotament i incomoditat, fent que l\u2019entorn laboral esdevingui inc\u00f2mode i, en molts casos, esgotador. Aquest \u00e9s l\u2019efecte del soroll residual, produ\u00eft pel soroll de baixa intensitat que fa que oficines, comer\u00e7os, aules, etc., siguin llocs de treball ergon\u00f2micament esgotadors.<\/p><p>En aquests casos, cal minimitzar aquest soroll residual produ\u00eft per electrodom\u00e8stics, petites maquin\u00e0ries o, en altres casos, pels sorolls de l\u2019entorn.<\/p>\t\t\t\t\t\t\t\t<\/div>\n\t\t\t\t<\/div>\n\t\t\t\t\t<\/div>\n\t\t<\/div>\n\t\t\t\t\t<\/div>\n\t\t<\/section>\n\t\t\t\t<section data-particle_enable=\"false\" data-particle-mobile-disabled=\"false\" class=\"elementor-section elementor-top-section elementor-element elementor-element-8823c3e elementor-section-boxed elementor-section-height-default elementor-section-height-default\" data-id=\"8823c3e\" data-element_type=\"section\" data-e-type=\"section\">\n\t\t\t\t\t\t<div class=\"elementor-container elementor-column-gap-default\">\n\t\t\t\t\t<div class=\"elementor-column elementor-col-100 elementor-top-column elementor-element elementor-element-61c8672\" data-id=\"61c8672\" data-element_type=\"column\" data-e-type=\"column\">\n\t\t\t<div class=\"elementor-widget-wrap elementor-element-populated\">\n\t\t\t\t\t\t<div class=\"elementor-element elementor-element-6edca4c eael-post-list-col-3 elementor-widget elementor-widget-global elementor-global-3860 elementor-widget-eael-post-list\" data-id=\"6edca4c\" data-element_type=\"widget\" data-e-type=\"widget\" data-widget_type=\"eael-post-list.default\">\n\t\t\t\t<div class=\"elementor-widget-container\">\n\t\t\t\t\t<div class=\"eael-post-list-container default layout-default\"><div class=\"eael-post-list-header\"><div class=\"header-title\">\n                            <h2 class=\"title\">El Blog de Surpol<\/h2>\n                        <\/div><\/div><div class=\"eael-post-list-wrap\"><div class=\"eael-post-list-posts-wrap eael-post-appender eael-post-appender-6edca4c\"><div class=\"eael-post-list-post\"><div class=\"eael-post-list-thumbnail\"><img decoding=\"async\" src=\"https:\/\/www.surpol.com\/wp-content\/uploads\/2026\/02\/Vencat-1024x683.png\" alt=\"\"><a href=\"https:\/\/www.surpol.com\/es\/del-ventcat-a-la-prevencio-laboral\/\"><\/a>\n            <\/div><div class=\"eael-post-list-content\"><h2 class=\"eael-post-list-title\"><a href=\"https:\/\/www.surpol.com\/es\/del-ventcat-a-la-prevencio-laboral\/\">Del Ventcat a la prevenci\u00f3n laboral: que han de cambiar las empresas despu\u00e9s de los ultimos temporales de viento.<\/a><\/h2><div class=\"meta\">\n                    <span><i class=\"far fa-calendar-alt\"><\/i> febrero 18, 2026<\/span>\n                <\/div><\/div><\/div><div class=\"eael-post-list-post\"><div class=\"eael-post-list-thumbnail\"><img decoding=\"async\" src=\"https:\/\/www.surpol.com\/wp-content\/uploads\/2026\/01\/simposi.jpg\" alt=\"\"><a href=\"https:\/\/www.surpol.com\/es\/seguridad-y-salud-laboral-un-compromiso-que-no-caduca\/\"><\/a>\n            <\/div><div class=\"eael-post-list-content\"><h2 class=\"eael-post-list-title\"><a href=\"https:\/\/www.surpol.com\/es\/seguridad-y-salud-laboral-un-compromiso-que-no-caduca\/\">Seguridad y salud laboral: un compromiso que no caduca<\/a><\/h2><div class=\"meta\">\n                    <span><i class=\"far fa-calendar-alt\"><\/i> enero 30, 2026<\/span>\n                <\/div><\/div><\/div><div class=\"eael-post-list-post\"><div class=\"eael-post-list-thumbnail\"><img decoding=\"async\" src=\"https:\/\/www.surpol.com\/wp-content\/uploads\/2026\/01\/Curs-Calidad-del-aire-2026_cast.png\" alt=\"\"><a href=\"https:\/\/www.surpol.com\/es\/la-calidad-del-aire-interior-de-la-normativa-a-la-practica\/\"><\/a>\n            <\/div><div class=\"eael-post-list-content\"><h2 class=\"eael-post-list-title\"><a href=\"https:\/\/www.surpol.com\/es\/la-calidad-del-aire-interior-de-la-normativa-a-la-practica\/\">La Calidad del Aire Interior: de la normativa a la pr\u00e1ctica<\/a><\/h2><div class=\"meta\">\n                    <span><i class=\"far fa-calendar-alt\"><\/i> enero 14, 2026<\/span>\n                <\/div><\/div><\/div><div class=\"eael-post-list-post\"><div class=\"eael-post-list-thumbnail\"><img decoding=\"async\" src=\"https:\/\/www.surpol.com\/wp-content\/uploads\/2025\/12\/formacions.jpg\" alt=\"\"><a href=\"https:\/\/www.surpol.com\/es\/formaciones-obligatorias-empresas-2026\/\"><\/a>\n            <\/div><div class=\"eael-post-list-content\"><h2 class=\"eael-post-list-title\"><a href=\"https:\/\/www.surpol.com\/es\/formaciones-obligatorias-empresas-2026\/\">\u00bfQu\u00e9 formaciones son obligatorias para las empresas en 2026?<\/a><\/h2><div class=\"meta\">\n                    <span><i class=\"far fa-calendar-alt\"><\/i> diciembre 8, 2025<\/span>\n                <\/div><\/div><\/div><div class=\"eael-post-list-post\"><div class=\"eael-post-list-thumbnail\"><img decoding=\"async\" src=\"https:\/\/www.surpol.com\/wp-content\/uploads\/2025\/11\/pimec11.jpg\" alt=\"\"><a href=\"https:\/\/www.surpol.com\/es\/surpol-i-marius-marti-avui-presents-a-la-trobada-de-voluntaris-de-la-fundacio-pimec\/\"><\/a>\n            <\/div><div class=\"eael-post-list-content\"><h2 class=\"eael-post-list-title\"><a href=\"https:\/\/www.surpol.com\/es\/surpol-i-marius-marti-avui-presents-a-la-trobada-de-voluntaris-de-la-fundacio-pimec\/\">SURPOL y M\u00e0rius Mart\u00ed, hoy presentes en el \u201cEncuentro de Voluntarios de la Fundaci\u00f3n PIMEC\u201d.<\/a><\/h2><div class=\"meta\">\n                    <span><i class=\"far fa-calendar-alt\"><\/i> noviembre 21, 2025<\/span>\n                <\/div><\/div><\/div><div class=\"eael-post-list-post\"><div class=\"eael-post-list-thumbnail\"><img decoding=\"async\" src=\"https:\/\/www.surpol.com\/wp-content\/uploads\/2025\/11\/WhatsApp-Image-2025-11-19-at-09.37.11-2-1024x768.jpeg\" alt=\"\"><a href=\"https:\/\/www.surpol.com\/es\/sessio-sobre-prl-i-documentacio-empresarial-a-lassociacio-dempreses-installadores-del-valles\/\"><\/a>\n            <\/div><div class=\"eael-post-list-content\"><h2 class=\"eael-post-list-title\"><a href=\"https:\/\/www.surpol.com\/es\/sessio-sobre-prl-i-documentacio-empresarial-a-lassociacio-dempreses-installadores-del-valles\/\">Sesi\u00f3n sobre PRL y documentaci\u00f3n empresarial en la Asociaci\u00f3n de Empresas Instaladoras del Vall\u00e8s<\/a><\/h2><div class=\"meta\">\n                    <span><i class=\"far fa-calendar-alt\"><\/i> noviembre 19, 2025<\/span>\n                <\/div><\/div><\/div><div class=\"eael-post-list-post\"><div class=\"eael-post-list-thumbnail\"><img decoding=\"async\" src=\"https:\/\/www.surpol.com\/wp-content\/uploads\/2025\/10\/prevencio.jpg\" alt=\"\"><a href=\"https:\/\/www.surpol.com\/es\/informacio-sobre-els-riscos-laborals-que-com-i-quan-sha-de-comunicar\/\"><\/a>\n            <\/div><div class=\"eael-post-list-content\"><h2 class=\"eael-post-list-title\"><a href=\"https:\/\/www.surpol.com\/es\/informacio-sobre-els-riscos-laborals-que-com-i-quan-sha-de-comunicar\/\">Informaci\u00f3n sobre los riesgos laborales: qu\u00e9, c\u00f3mo y cu\u00e1ndo se debe comunicar<\/a><\/h2><div class=\"meta\">\n                    <span><i class=\"far fa-calendar-alt\"><\/i> octubre 30, 2025<\/span>\n                <\/div><\/div><\/div><div class=\"eael-post-list-post\"><div class=\"eael-post-list-thumbnail\"><img decoding=\"async\" src=\"https:\/\/www.surpol.com\/wp-content\/uploads\/2025\/10\/revisiometge.jpg\" alt=\"\"><a href=\"https:\/\/www.surpol.com\/es\/ens-prenem-seriosament-els-reconeixements-medics-de-vigilancia-de-la-salut\/\"><\/a>\n            <\/div><div class=\"eael-post-list-content\"><h2 class=\"eael-post-list-title\"><a href=\"https:\/\/www.surpol.com\/es\/ens-prenem-seriosament-els-reconeixements-medics-de-vigilancia-de-la-salut\/\">\u00bfNos tomamos en serio los reconocimientos m\u00e9dicos de vigilancia de la salud?<\/a><\/h2><div class=\"meta\">\n                    <span><i class=\"far fa-calendar-alt\"><\/i> octubre 27, 2025<\/span>\n                <\/div><\/div><\/div><div class=\"eael-post-list-post\"><div class=\"eael-post-list-thumbnail\"><img decoding=\"async\" src=\"https:\/\/www.surpol.com\/wp-content\/uploads\/2025\/10\/epis.jpg\" alt=\"\"><a href=\"https:\/\/www.surpol.com\/es\/epi-obligacions-de-lempresa-i-del-treballador\/\"><\/a>\n            <\/div><div class=\"eael-post-list-content\"><h2 class=\"eael-post-list-title\"><a href=\"https:\/\/www.surpol.com\/es\/epi-obligacions-de-lempresa-i-del-treballador\/\">EPI: obligaciones de la empresa y del trabajador<\/a><\/h2><div class=\"meta\">\n                    <span><i class=\"far fa-calendar-alt\"><\/i> octubre 23, 2025<\/span>\n                <\/div><\/div><\/div><\/div><\/div>\n\t\t<\/div><div class=\"post-list-pagination\"  data-nonce=\"bdb20e971a\" data-page-id=\"4255\" data-widget-id=\"6edca4c\" data-template=\"{\"dir\":\"pro\",\"file_name\":\"default.php\",\"name\":\"post-list\"}\" data-widget=\"6edca4c\" data-class=\"Essential_Addons_Elementor\\Pro\\Elements\\Post_List\" data-args=\"orderby=date&order=desc&ignore_sticky_posts=1&post_status=publish&posts_per_page=9&offset=0&post_type=post&tax_query%5B0%5D%5Btaxonomy%5D=category&tax_query%5B0%5D%5Bfield%5D=term_id&tax_query%5B0%5D%5Bterms%5D%5B0%5D=10&tax_query%5Brelation%5D=AND\" data-settings=\"eael_post_list_post_feature_image=yes&eael_post_list_post_meta=yes&eael_post_list_post_title=yes&eael_post_list_post_excerpt=&eael_post_list_featured_area=yes&eael_post_list_featured_meta=yes&eael_post_list_featured_title=yes&eael_post_list_featured_excerpt=no&featured_posts=&eael_post_list_pagination=yes&eael_post_list_layout_type=default&eael_post_list_post_cat=&eael_post_list_title_tag=h2&eael_post_featured_image_size=large\" data-page=\"1\" data-scroll-on-pagination=\"0\" data-scroll-offset=\"100\" >\n                <button class=\"btn btn-prev-post\" id=\"post-nav-prev-6edca4c\" disabled=\"true\"><i aria-hidden=\"true\" class=\"fas fa-angle-left\"><\/i><\/button><button class=\"btn btn-next-post\" id=\"post-nav-next-6edca4c\"><i aria-hidden=\"true\" class=\"fas fa-angle-right\"><\/i><\/button>\n\t\t\t<\/div>\t\t\t\t<\/div>\n\t\t\t\t<\/div>\n\t\t\t\t\t<\/div>\n\t\t<\/div>\n\t\t\t\t\t<\/div>\n\t\t<\/section>\n\t\t\t\t<\/div>","protected":false},"excerpt":{"rendered":"<p>El soroll pot afectar la salut f\u00edsica i mental de les persones treballadores. Descobreix com i qu\u00e8 podem fer per minimitzar-lo.<\/p>","protected":false},"author":5,"featured_media":4257,"comment_status":"closed","ping_status":"closed","sticky":false,"template":"","format":"standard","meta":{"footnotes":""},"categories":[10],"tags":[],"class_list":["post-4255","post","type-post","status-publish","format-standard","has-post-thumbnail","hentry","category-blog"],"yoast_head":"<!-- This site is optimized with the Yoast SEO Premium plugin v22.9 (Yoast SEO v27.3) - https:\/\/yoast.com\/product\/yoast-seo-premium-wordpress\/ -->\n<title>L\u2019afectaci\u00f3 del soroll en les persones treballadores - Surpol<\/title>\n<meta name=\"description\" content=\"El soroll en l\u2019\u00e0mbit laboral no nom\u00e9s pot causar lesions f\u00edsiques per exposici\u00f3 prolongada, sin\u00f3 tamb\u00e9 esgotament i incomoditat en entorns amb soroll residual. Con\u00e8ixer-ne els efectes i reduir-los \u00e9s clau per al benestar de les persones treballadores.\" \/>\n<meta name=\"robots\" content=\"index, follow, max-snippet:-1, max-image-preview:large, max-video-preview:-1\" \/>\n<link rel=\"canonical\" href=\"https:\/\/www.surpol.com\/es\/lafectacio-del-soroll-en-les-persones-treballadores\/\" \/>\n<meta property=\"og:locale\" content=\"es_ES\" \/>\n<meta property=\"og:type\" content=\"article\" \/>\n<meta property=\"og:title\" content=\"L\u2019afectaci\u00f3 del soroll en les persones treballadores\" \/>\n<meta property=\"og:description\" content=\"El soroll en l\u2019\u00e0mbit laboral no nom\u00e9s pot causar lesions f\u00edsiques per exposici\u00f3 prolongada, sin\u00f3 tamb\u00e9 esgotament i incomoditat en entorns amb soroll residual. Con\u00e8ixer-ne els efectes i reduir-los \u00e9s clau per al benestar de les persones treballadores.\" \/>\n<meta property=\"og:url\" content=\"https:\/\/www.surpol.com\/es\/lafectacio-del-soroll-en-les-persones-treballadores\/\" \/>\n<meta property=\"og:site_name\" content=\"Surpol\" \/>\n<meta property=\"article:published_time\" content=\"2025-10-10T06:43:55+00:00\" \/>\n<meta property=\"article:modified_time\" content=\"2025-10-10T06:52:04+00:00\" \/>\n<meta property=\"og:image\" content=\"https:\/\/www.surpol.com\/wp-content\/uploads\/2025\/10\/soroll.jpg\" \/>\n\t<meta property=\"og:image:width\" content=\"465\" \/>\n\t<meta property=\"og:image:height\" content=\"301\" \/>\n\t<meta property=\"og:image:type\" content=\"image\/jpeg\" \/>\n<meta name=\"author\" content=\"Marius Mart\u00ed\" \/>\n<meta name=\"twitter:card\" content=\"summary_large_image\" \/>\n<meta name=\"twitter:label1\" content=\"Escrito por\" \/>\n\t<meta name=\"twitter:data1\" content=\"Marius Mart\u00ed\" \/>\n\t<meta name=\"twitter:label2\" content=\"Tiempo de lectura\" \/>\n\t<meta name=\"twitter:data2\" content=\"4 minutos\" \/>\n<script type=\"application\/ld+json\" class=\"yoast-schema-graph\">{\"@context\":\"https:\\\/\\\/schema.org\",\"@graph\":[{\"@type\":\"Article\",\"@id\":\"https:\\\/\\\/www.surpol.com\\\/lafectacio-del-soroll-en-les-persones-treballadores\\\/#article\",\"isPartOf\":{\"@id\":\"https:\\\/\\\/www.surpol.com\\\/lafectacio-del-soroll-en-les-persones-treballadores\\\/\"},\"author\":{\"name\":\"Marius Mart\u00ed\",\"@id\":\"https:\\\/\\\/www.surpol.com\\\/#\\\/schema\\\/person\\\/e5f8a02f37bf5e1e5e46de1aa64f6241\"},\"headline\":\"L\u2019afectaci\u00f3 del soroll en les persones treballadores\",\"datePublished\":\"2025-10-10T06:43:55+00:00\",\"dateModified\":\"2025-10-10T06:52:04+00:00\",\"mainEntityOfPage\":{\"@id\":\"https:\\\/\\\/www.surpol.com\\\/lafectacio-del-soroll-en-les-persones-treballadores\\\/\"},\"wordCount\":349,\"publisher\":{\"@id\":\"https:\\\/\\\/www.surpol.com\\\/#organization\"},\"image\":{\"@id\":\"https:\\\/\\\/www.surpol.com\\\/lafectacio-del-soroll-en-les-persones-treballadores\\\/#primaryimage\"},\"thumbnailUrl\":\"https:\\\/\\\/www.surpol.com\\\/wp-content\\\/uploads\\\/2025\\\/10\\\/soroll.jpg\",\"articleSection\":[\"Blog\"],\"inLanguage\":\"es\"},{\"@type\":\"WebPage\",\"@id\":\"https:\\\/\\\/www.surpol.com\\\/lafectacio-del-soroll-en-les-persones-treballadores\\\/\",\"url\":\"https:\\\/\\\/www.surpol.com\\\/lafectacio-del-soroll-en-les-persones-treballadores\\\/\",\"name\":\"L\u2019afectaci\u00f3 del soroll en les persones treballadores - Surpol\",\"isPartOf\":{\"@id\":\"https:\\\/\\\/www.surpol.com\\\/#website\"},\"primaryImageOfPage\":{\"@id\":\"https:\\\/\\\/www.surpol.com\\\/lafectacio-del-soroll-en-les-persones-treballadores\\\/#primaryimage\"},\"image\":{\"@id\":\"https:\\\/\\\/www.surpol.com\\\/lafectacio-del-soroll-en-les-persones-treballadores\\\/#primaryimage\"},\"thumbnailUrl\":\"https:\\\/\\\/www.surpol.com\\\/wp-content\\\/uploads\\\/2025\\\/10\\\/soroll.jpg\",\"datePublished\":\"2025-10-10T06:43:55+00:00\",\"dateModified\":\"2025-10-10T06:52:04+00:00\",\"description\":\"El soroll en l\u2019\u00e0mbit laboral no nom\u00e9s pot causar lesions f\u00edsiques per exposici\u00f3 prolongada, sin\u00f3 tamb\u00e9 esgotament i incomoditat en entorns amb soroll residual. Con\u00e8ixer-ne els efectes i reduir-los \u00e9s clau per al benestar de les persones treballadores.\",\"breadcrumb\":{\"@id\":\"https:\\\/\\\/www.surpol.com\\\/lafectacio-del-soroll-en-les-persones-treballadores\\\/#breadcrumb\"},\"inLanguage\":\"es\",\"potentialAction\":[{\"@type\":\"ReadAction\",\"target\":[\"https:\\\/\\\/www.surpol.com\\\/lafectacio-del-soroll-en-les-persones-treballadores\\\/\"]}]},{\"@type\":\"ImageObject\",\"inLanguage\":\"es\",\"@id\":\"https:\\\/\\\/www.surpol.com\\\/lafectacio-del-soroll-en-les-persones-treballadores\\\/#primaryimage\",\"url\":\"https:\\\/\\\/www.surpol.com\\\/wp-content\\\/uploads\\\/2025\\\/10\\\/soroll.jpg\",\"contentUrl\":\"https:\\\/\\\/www.surpol.com\\\/wp-content\\\/uploads\\\/2025\\\/10\\\/soroll.jpg\",\"width\":465,\"height\":301},{\"@type\":\"BreadcrumbList\",\"@id\":\"https:\\\/\\\/www.surpol.com\\\/lafectacio-del-soroll-en-les-persones-treballadores\\\/#breadcrumb\",\"itemListElement\":[{\"@type\":\"ListItem\",\"position\":1,\"name\":\"Inici\",\"item\":\"https:\\\/\\\/www.surpol.com\\\/\"},{\"@type\":\"ListItem\",\"position\":2,\"name\":\"L\u2019afectaci\u00f3 del soroll en les persones treballadores\"}]},{\"@type\":\"WebSite\",\"@id\":\"https:\\\/\\\/www.surpol.com\\\/#website\",\"url\":\"https:\\\/\\\/www.surpol.com\\\/\",\"name\":\"Surpol - Prevenci\u00f3 en Riscos Laborals\",\"description\":\"Prevenci\u00f3 de riscos laborals\",\"publisher\":{\"@id\":\"https:\\\/\\\/www.surpol.com\\\/#organization\"},\"alternateName\":\"Surpol - Gestion PRL\",\"potentialAction\":[{\"@type\":\"SearchAction\",\"target\":{\"@type\":\"EntryPoint\",\"urlTemplate\":\"https:\\\/\\\/www.surpol.com\\\/?s={search_term_string}\"},\"query-input\":{\"@type\":\"PropertyValueSpecification\",\"valueRequired\":true,\"valueName\":\"search_term_string\"}}],\"inLanguage\":\"es\"},{\"@type\":\"Organization\",\"@id\":\"https:\\\/\\\/www.surpol.com\\\/#organization\",\"name\":\"Surpol\",\"url\":\"https:\\\/\\\/www.surpol.com\\\/\",\"logo\":{\"@type\":\"ImageObject\",\"inLanguage\":\"es\",\"@id\":\"https:\\\/\\\/www.surpol.com\\\/#\\\/schema\\\/logo\\\/image\\\/\",\"url\":\"https:\\\/\\\/www.surpol.com\\\/wp-content\\\/uploads\\\/2024\\\/01\\\/cropped-logo4.png\",\"contentUrl\":\"https:\\\/\\\/www.surpol.com\\\/wp-content\\\/uploads\\\/2024\\\/01\\\/cropped-logo4.png\",\"width\":500,\"height\":268,\"caption\":\"Surpol\"},\"image\":{\"@id\":\"https:\\\/\\\/www.surpol.com\\\/#\\\/schema\\\/logo\\\/image\\\/\"}},{\"@type\":\"Person\",\"@id\":\"https:\\\/\\\/www.surpol.com\\\/#\\\/schema\\\/person\\\/e5f8a02f37bf5e1e5e46de1aa64f6241\",\"name\":\"Marius Mart\u00ed\",\"image\":{\"@type\":\"ImageObject\",\"inLanguage\":\"es\",\"@id\":\"https:\\\/\\\/secure.gravatar.com\\\/avatar\\\/a8eb1c12fde4e2377ed0f8291fc8e526dcbe73f964dfc367577808e468f34eb5?s=96&d=mm&r=g\",\"url\":\"https:\\\/\\\/secure.gravatar.com\\\/avatar\\\/a8eb1c12fde4e2377ed0f8291fc8e526dcbe73f964dfc367577808e468f34eb5?s=96&d=mm&r=g\",\"contentUrl\":\"https:\\\/\\\/secure.gravatar.com\\\/avatar\\\/a8eb1c12fde4e2377ed0f8291fc8e526dcbe73f964dfc367577808e468f34eb5?s=96&d=mm&r=g\",\"caption\":\"Marius Mart\u00ed\"},\"url\":\"https:\\\/\\\/www.surpol.com\\\/es\\\/author\\\/marius-marti\\\/\"}]}<\/script>\n<!-- \/ Yoast SEO Premium plugin. -->","yoast_head_json":{"title":"L\u2019afectaci\u00f3 del soroll en les persones treballadores - Surpol","description":"El soroll en l\u2019\u00e0mbit laboral no nom\u00e9s pot causar lesions f\u00edsiques per exposici\u00f3 prolongada, sin\u00f3 tamb\u00e9 esgotament i incomoditat en entorns amb soroll residual. Con\u00e8ixer-ne els efectes i reduir-los \u00e9s clau per al benestar de les persones treballadores.","robots":{"index":"index","follow":"follow","max-snippet":"max-snippet:-1","max-image-preview":"max-image-preview:large","max-video-preview":"max-video-preview:-1"},"canonical":"https:\/\/www.surpol.com\/es\/lafectacio-del-soroll-en-les-persones-treballadores\/","og_locale":"es_ES","og_type":"article","og_title":"L\u2019afectaci\u00f3 del soroll en les persones treballadores","og_description":"El soroll en l\u2019\u00e0mbit laboral no nom\u00e9s pot causar lesions f\u00edsiques per exposici\u00f3 prolongada, sin\u00f3 tamb\u00e9 esgotament i incomoditat en entorns amb soroll residual. Con\u00e8ixer-ne els efectes i reduir-los \u00e9s clau per al benestar de les persones treballadores.","og_url":"https:\/\/www.surpol.com\/es\/lafectacio-del-soroll-en-les-persones-treballadores\/","og_site_name":"Surpol","article_published_time":"2025-10-10T06:43:55+00:00","article_modified_time":"2025-10-10T06:52:04+00:00","og_image":[{"width":465,"height":301,"url":"https:\/\/www.surpol.com\/wp-content\/uploads\/2025\/10\/soroll.jpg","type":"image\/jpeg"}],"author":"Marius Mart\u00ed","twitter_card":"summary_large_image","twitter_misc":{"Escrito por":"Marius Mart\u00ed","Tiempo de lectura":"4 minutos"},"schema":{"@context":"https:\/\/schema.org","@graph":[{"@type":"Article","@id":"https:\/\/www.surpol.com\/lafectacio-del-soroll-en-les-persones-treballadores\/#article","isPartOf":{"@id":"https:\/\/www.surpol.com\/lafectacio-del-soroll-en-les-persones-treballadores\/"},"author":{"name":"Marius Mart\u00ed","@id":"https:\/\/www.surpol.com\/#\/schema\/person\/e5f8a02f37bf5e1e5e46de1aa64f6241"},"headline":"L\u2019afectaci\u00f3 del soroll en les persones treballadores","datePublished":"2025-10-10T06:43:55+00:00","dateModified":"2025-10-10T06:52:04+00:00","mainEntityOfPage":{"@id":"https:\/\/www.surpol.com\/lafectacio-del-soroll-en-les-persones-treballadores\/"},"wordCount":349,"publisher":{"@id":"https:\/\/www.surpol.com\/#organization"},"image":{"@id":"https:\/\/www.surpol.com\/lafectacio-del-soroll-en-les-persones-treballadores\/#primaryimage"},"thumbnailUrl":"https:\/\/www.surpol.com\/wp-content\/uploads\/2025\/10\/soroll.jpg","articleSection":["Blog"],"inLanguage":"es"},{"@type":"WebPage","@id":"https:\/\/www.surpol.com\/lafectacio-del-soroll-en-les-persones-treballadores\/","url":"https:\/\/www.surpol.com\/lafectacio-del-soroll-en-les-persones-treballadores\/","name":"L\u2019afectaci\u00f3 del soroll en les persones treballadores - Surpol","isPartOf":{"@id":"https:\/\/www.surpol.com\/#website"},"primaryImageOfPage":{"@id":"https:\/\/www.surpol.com\/lafectacio-del-soroll-en-les-persones-treballadores\/#primaryimage"},"image":{"@id":"https:\/\/www.surpol.com\/lafectacio-del-soroll-en-les-persones-treballadores\/#primaryimage"},"thumbnailUrl":"https:\/\/www.surpol.com\/wp-content\/uploads\/2025\/10\/soroll.jpg","datePublished":"2025-10-10T06:43:55+00:00","dateModified":"2025-10-10T06:52:04+00:00","description":"El soroll en l\u2019\u00e0mbit laboral no nom\u00e9s pot causar lesions f\u00edsiques per exposici\u00f3 prolongada, sin\u00f3 tamb\u00e9 esgotament i incomoditat en entorns amb soroll residual. Con\u00e8ixer-ne els efectes i reduir-los \u00e9s clau per al benestar de les persones treballadores.","breadcrumb":{"@id":"https:\/\/www.surpol.com\/lafectacio-del-soroll-en-les-persones-treballadores\/#breadcrumb"},"inLanguage":"es","potentialAction":[{"@type":"ReadAction","target":["https:\/\/www.surpol.com\/lafectacio-del-soroll-en-les-persones-treballadores\/"]}]},{"@type":"ImageObject","inLanguage":"es","@id":"https:\/\/www.surpol.com\/lafectacio-del-soroll-en-les-persones-treballadores\/#primaryimage","url":"https:\/\/www.surpol.com\/wp-content\/uploads\/2025\/10\/soroll.jpg","contentUrl":"https:\/\/www.surpol.com\/wp-content\/uploads\/2025\/10\/soroll.jpg","width":465,"height":301},{"@type":"BreadcrumbList","@id":"https:\/\/www.surpol.com\/lafectacio-del-soroll-en-les-persones-treballadores\/#breadcrumb","itemListElement":[{"@type":"ListItem","position":1,"name":"Inici","item":"https:\/\/www.surpol.com\/"},{"@type":"ListItem","position":2,"name":"L\u2019afectaci\u00f3 del soroll en les persones treballadores"}]},{"@type":"WebSite","@id":"https:\/\/www.surpol.com\/#website","url":"https:\/\/www.surpol.com\/","name":"Surpol - Prevenci\u00f3 en Riscos Laborals","description":"Prevenci\u00f3 de riscos laborals","publisher":{"@id":"https:\/\/www.surpol.com\/#organization"},"alternateName":"Surpol - Gestion PRL","potentialAction":[{"@type":"SearchAction","target":{"@type":"EntryPoint","urlTemplate":"https:\/\/www.surpol.com\/?s={search_term_string}"},"query-input":{"@type":"PropertyValueSpecification","valueRequired":true,"valueName":"search_term_string"}}],"inLanguage":"es"},{"@type":"Organization","@id":"https:\/\/www.surpol.com\/#organization","name":"Surpol","url":"https:\/\/www.surpol.com\/","logo":{"@type":"ImageObject","inLanguage":"es","@id":"https:\/\/www.surpol.com\/#\/schema\/logo\/image\/","url":"https:\/\/www.surpol.com\/wp-content\/uploads\/2024\/01\/cropped-logo4.png","contentUrl":"https:\/\/www.surpol.com\/wp-content\/uploads\/2024\/01\/cropped-logo4.png","width":500,"height":268,"caption":"Surpol"},"image":{"@id":"https:\/\/www.surpol.com\/#\/schema\/logo\/image\/"}},{"@type":"Person","@id":"https:\/\/www.surpol.com\/#\/schema\/person\/e5f8a02f37bf5e1e5e46de1aa64f6241","name":"Marius Mart\u00ed","image":{"@type":"ImageObject","inLanguage":"es","@id":"https:\/\/secure.gravatar.com\/avatar\/a8eb1c12fde4e2377ed0f8291fc8e526dcbe73f964dfc367577808e468f34eb5?s=96&d=mm&r=g","url":"https:\/\/secure.gravatar.com\/avatar\/a8eb1c12fde4e2377ed0f8291fc8e526dcbe73f964dfc367577808e468f34eb5?s=96&d=mm&r=g","contentUrl":"https:\/\/secure.gravatar.com\/avatar\/a8eb1c12fde4e2377ed0f8291fc8e526dcbe73f964dfc367577808e468f34eb5?s=96&d=mm&r=g","caption":"Marius Mart\u00ed"},"url":"https:\/\/www.surpol.com\/es\/author\/marius-marti\/"}]}},"_links":{"self":[{"href":"https:\/\/www.surpol.com\/es\/wp-json\/wp\/v2\/posts\/4255","targetHints":{"allow":["GET"]}}],"collection":[{"href":"https:\/\/www.surpol.com\/es\/wp-json\/wp\/v2\/posts"}],"about":[{"href":"https:\/\/www.surpol.com\/es\/wp-json\/wp\/v2\/types\/post"}],"author":[{"embeddable":true,"href":"https:\/\/www.surpol.com\/es\/wp-json\/wp\/v2\/users\/5"}],"replies":[{"embeddable":true,"href":"https:\/\/www.surpol.com\/es\/wp-json\/wp\/v2\/comments?post=4255"}],"version-history":[{"count":10,"href":"https:\/\/www.surpol.com\/es\/wp-json\/wp\/v2\/posts\/4255\/revisions"}],"predecessor-version":[{"id":4267,"href":"https:\/\/www.surpol.com\/es\/wp-json\/wp\/v2\/posts\/4255\/revisions\/4267"}],"wp:featuredmedia":[{"embeddable":true,"href":"https:\/\/www.surpol.com\/es\/wp-json\/wp\/v2\/media\/4257"}],"wp:attachment":[{"href":"https:\/\/www.surpol.com\/es\/wp-json\/wp\/v2\/media?parent=4255"}],"wp:term":[{"taxonomy":"category","embeddable":true,"href":"https:\/\/www.surpol.com\/es\/wp-json\/wp\/v2\/categories?post=4255"},{"taxonomy":"post_tag","embeddable":true,"href":"https:\/\/www.surpol.com\/es\/wp-json\/wp\/v2\/tags?post=4255"}],"curies":[{"name":"wp","href":"https:\/\/api.w.org\/{rel}","templated":true}]}}