{"id":3587,"date":"2025-04-17T16:34:24","date_gmt":"2025-04-17T14:34:24","guid":{"rendered":"https:\/\/www.surpol.com\/?p=3587"},"modified":"2025-06-02T09:55:05","modified_gmt":"2025-06-02T07:55:05","slug":"el-estres-invisible-de-los-community-managers","status":"publish","type":"post","link":"https:\/\/www.surpol.com\/es\/el-estres-invisible-de-los-community-managers\/","title":{"rendered":"El estr\u00e9s invisible de los community managers"},"content":{"rendered":"<div data-elementor-type=\"wp-post\" data-elementor-id=\"3587\" class=\"elementor elementor-3587\" data-elementor-post-type=\"post\">\n\t\t\t\t\t\t<section data-particle_enable=\"false\" data-particle-mobile-disabled=\"false\" class=\"elementor-section elementor-top-section elementor-element elementor-element-5db8e68 elementor-section-boxed elementor-section-height-default elementor-section-height-default\" data-id=\"5db8e68\" data-element_type=\"section\" data-e-type=\"section\">\n\t\t\t\t\t\t<div class=\"elementor-container elementor-column-gap-default\">\n\t\t\t\t\t<div class=\"elementor-column elementor-col-50 elementor-top-column elementor-element elementor-element-11554c3\" data-id=\"11554c3\" data-element_type=\"column\" data-e-type=\"column\">\n\t\t\t<div class=\"elementor-widget-wrap elementor-element-populated\">\n\t\t\t\t\t\t<div class=\"elementor-element elementor-element-f114efa elementor-widget elementor-widget-image\" data-id=\"f114efa\" data-element_type=\"widget\" data-e-type=\"widget\" data-widget_type=\"image.default\">\n\t\t\t\t<div class=\"elementor-widget-container\">\n\t\t\t\t\t\t\t\t\t\t\t\t\t\t\t<img fetchpriority=\"high\" decoding=\"async\" width=\"345\" height=\"219\" src=\"https:\/\/www.surpol.com\/wp-content\/uploads\/2025\/04\/cm-surpol.jpg\" class=\"attachment-large size-large wp-image-3589\" alt=\"\" srcset=\"https:\/\/www.surpol.com\/wp-content\/uploads\/2025\/04\/cm-surpol.jpg 345w, https:\/\/www.surpol.com\/wp-content\/uploads\/2025\/04\/cm-surpol-300x190.jpg 300w, https:\/\/www.surpol.com\/wp-content\/uploads\/2025\/04\/cm-surpol-18x12.jpg 18w\" sizes=\"(max-width: 345px) 100vw, 345px\" \/>\t\t\t\t\t\t\t\t\t\t\t\t\t\t\t<\/div>\n\t\t\t\t<\/div>\n\t\t\t\t\t<\/div>\n\t\t<\/div>\n\t\t\t\t<div class=\"elementor-column elementor-col-50 elementor-top-column elementor-element elementor-element-c36b457\" data-id=\"c36b457\" data-element_type=\"column\" data-e-type=\"column\">\n\t\t\t<div class=\"elementor-widget-wrap elementor-element-populated\">\n\t\t\t\t\t\t<div class=\"elementor-element elementor-element-be6d6ab elementor-align-right elementor-widget elementor-widget-post-info\" data-id=\"be6d6ab\" data-element_type=\"widget\" data-e-type=\"widget\" data-widget_type=\"post-info.default\">\n\t\t\t\t<div class=\"elementor-widget-container\">\n\t\t\t\t\t\t\t<ul class=\"elementor-inline-items elementor-icon-list-items elementor-post-info\">\n\t\t\t\t\t\t\t\t<li class=\"elementor-icon-list-item elementor-repeater-item-b542693 elementor-inline-item\" itemprop=\"author\">\n\t\t\t\t\t\t<a href=\"https:\/\/www.surpol.com\/es\/author\/heitu\/\">\n\t\t\t\t\t\t\t\t\t\t\t<span class=\"elementor-icon-list-icon\">\n\t\t\t\t\t\t\t\t<i aria-hidden=\"true\" class=\"far fa-user-circle\"><\/i>\t\t\t\t\t\t\t<\/span>\n\t\t\t\t\t\t\t\t\t<span class=\"elementor-icon-list-text elementor-post-info__item elementor-post-info__item--type-author\">\n\t\t\t\t\t\t\t\t\t\tMerc\u00e8 Vila\t\t\t\t\t<\/span>\n\t\t\t\t\t\t\t\t\t<\/a>\n\t\t\t\t<\/li>\n\t\t\t\t<li class=\"elementor-icon-list-item elementor-repeater-item-edd9c5c elementor-inline-item\" itemprop=\"datePublished\">\n\t\t\t\t\t\t<a href=\"https:\/\/www.surpol.com\/es\/2025\/04\/17\/\">\n\t\t\t\t\t\t\t\t\t\t\t<span class=\"elementor-icon-list-icon\">\n\t\t\t\t\t\t\t\t<i aria-hidden=\"true\" class=\"fas fa-calendar\"><\/i>\t\t\t\t\t\t\t<\/span>\n\t\t\t\t\t\t\t\t\t<span class=\"elementor-icon-list-text elementor-post-info__item elementor-post-info__item--type-date\">\n\t\t\t\t\t\t\t\t\t\t<time>abril 17, 2025<\/time>\t\t\t\t\t<\/span>\n\t\t\t\t\t\t\t\t\t<\/a>\n\t\t\t\t<\/li>\n\t\t\t\t<\/ul>\n\t\t\t\t\t\t<\/div>\n\t\t\t\t<\/div>\n\t\t\t\t<div class=\"elementor-element elementor-element-09e8316 elementor-widget elementor-widget-heading\" data-id=\"09e8316\" data-element_type=\"widget\" data-e-type=\"widget\" data-widget_type=\"heading.default\">\n\t\t\t\t<div class=\"elementor-widget-container\">\n\t\t\t\t\t<h1 class=\"elementor-heading-title elementor-size-default\">El estr\u00e9s invisible de los community managers<\/h1>\t\t\t\t<\/div>\n\t\t\t\t<\/div>\n\t\t\t\t<div class=\"elementor-element elementor-element-efefcf2 elementor-widget__width-initial elementor-widget elementor-widget-text-editor\" data-id=\"efefcf2\" data-element_type=\"widget\" data-e-type=\"widget\" data-widget_type=\"text-editor.default\">\n\t\t\t\t<div class=\"elementor-widget-container\">\n\t\t\t\t\t\t\t\t\t<p class=\"\" data-start=\"180\" data-end=\"294\"><em data-start=\"231\" data-end=\"294\">Cuando la gesti\u00f3n de redes sociales se convierte en una carga emocional<\/em><\/p><p class=\"translation-block\" data-start=\"296\" data-end=\"618\">En un mundo hiperconectado, la figura del community manager se ha convertido en una pieza clave para la imagen y la comunicaci\u00f3n de cualquier marca. Pero detr\u00e1s de un perfil de Instagram activo o una cuenta de Twitter atenta, a menudo se esconde una realidad poco visible: el estr\u00e9s constante que puede generar la interacci\u00f3n con los usuarios.<\/p><p class=\"translation-block\" data-start=\"620\" data-end=\"960\">Los community managers no solo responden preguntas o publican contenido. Tambi\u00e9n gestionan quejas, cr\u00edticas y, en muchos casos, ataques o comentarios agresivos. Esta exposici\u00f3n permanente a la presi\u00f3n de tener que responder con rapidez, educaci\u00f3n y empat\u00eda \u2014incluso frente a provocaciones\u2014 puede suponer una carga emocional muy elevada.<\/p>\t\t\t\t\t\t\t\t<\/div>\n\t\t\t\t<\/div>\n\t\t\t\t\t<\/div>\n\t\t<\/div>\n\t\t\t\t\t<\/div>\n\t\t<\/section>\n\t\t\t\t<section data-particle_enable=\"false\" data-particle-mobile-disabled=\"false\" class=\"elementor-section elementor-top-section elementor-element elementor-element-9725d86 elementor-section-boxed elementor-section-height-default elementor-section-height-default\" data-id=\"9725d86\" data-element_type=\"section\" data-e-type=\"section\">\n\t\t\t\t\t\t<div class=\"elementor-container elementor-column-gap-default\">\n\t\t\t\t\t<div class=\"elementor-column elementor-col-100 elementor-top-column elementor-element elementor-element-ec64fdc\" data-id=\"ec64fdc\" data-element_type=\"column\" data-e-type=\"column\">\n\t\t\t<div class=\"elementor-widget-wrap elementor-element-populated\">\n\t\t\t\t\t\t<div class=\"elementor-element elementor-element-2e2e25f elementor-widget__width-initial elementor-widget elementor-widget-text-editor\" data-id=\"2e2e25f\" data-element_type=\"widget\" data-e-type=\"widget\" data-widget_type=\"text-editor.default\">\n\t\t\t\t<div class=\"elementor-widget-container\">\n\t\t\t\t\t\t\t\t\t<div dir=\"ltr\"><p class=\"\" data-start=\"962\" data-end=\"1260\">El estr\u00e9s se multiplica cuando las marcas exigen disponibilidad casi 24\/7, respuestas inmediatas y un tono impecable. A esto se suma el hecho de que el usuario, amparado en el anonimato o la distancia de la pantalla, a menudo expresa frustraciones con una dureza que no utilizar\u00eda en un contexto presencial.<\/p><p class=\"\" data-start=\"1262\" data-end=\"1578\">Estas situaciones pueden derivar en fatiga digital, ansiedad o agotamiento emocional. Por ello, es esencial que las empresas reconozcan este riesgo psicosocial y doten a sus equipos digitales de recursos: protocolos claros ante situaciones conflictivas, apoyo emocional y, sobre todo, l\u00edmites en la disponibilidad.<\/p><p class=\"\" data-start=\"1580\" data-end=\"1776\">Humanizar las redes tambi\u00e9n implica cuidar a las personas que trabajan en ellas. Al fin y al cabo, detr\u00e1s de cada respuesta corporativa hay una persona que merece ser escuchada, respetada y protegida.<\/p><\/div>\t\t\t\t\t\t\t\t<\/div>\n\t\t\t\t<\/div>\n\t\t\t\t\t<\/div>\n\t\t<\/div>\n\t\t\t\t\t<\/div>\n\t\t<\/section>\n\t\t\t\t<section data-particle_enable=\"false\" data-particle-mobile-disabled=\"false\" class=\"elementor-section elementor-top-section elementor-element elementor-element-8823c3e elementor-section-boxed elementor-section-height-default elementor-section-height-default\" data-id=\"8823c3e\" data-element_type=\"section\" data-e-type=\"section\">\n\t\t\t\t\t\t<div class=\"elementor-container elementor-column-gap-default\">\n\t\t\t\t\t<div class=\"elementor-column elementor-col-100 elementor-top-column elementor-element elementor-element-61c8672\" data-id=\"61c8672\" data-element_type=\"column\" data-e-type=\"column\">\n\t\t\t<div class=\"elementor-widget-wrap elementor-element-populated\">\n\t\t\t\t\t\t<div class=\"elementor-element elementor-element-97c4e72 eael-post-list-col-3 elementor-widget elementor-widget-global elementor-global-3860 elementor-widget-eael-post-list\" data-id=\"97c4e72\" data-element_type=\"widget\" data-e-type=\"widget\" data-widget_type=\"eael-post-list.default\">\n\t\t\t\t<div class=\"elementor-widget-container\">\n\t\t\t\t\t<div class=\"eael-post-list-container default layout-default\"><div class=\"eael-post-list-header\"><div class=\"header-title\">\n                            <h2 class=\"title\">El Blog de Surpol<\/h2>\n                        <\/div><\/div><div class=\"eael-post-list-wrap\"><div class=\"eael-post-list-posts-wrap eael-post-appender eael-post-appender-97c4e72\"><div class=\"eael-post-list-post\"><div class=\"eael-post-list-thumbnail\"><img decoding=\"async\" src=\"https:\/\/www.surpol.com\/wp-content\/uploads\/2026\/02\/Vencat-1024x683.png\" alt=\"\"><a href=\"https:\/\/www.surpol.com\/es\/del-ventcat-a-la-prevencio-laboral\/\"><\/a>\n            <\/div><div class=\"eael-post-list-content\"><h2 class=\"eael-post-list-title\"><a href=\"https:\/\/www.surpol.com\/es\/del-ventcat-a-la-prevencio-laboral\/\">Del Ventcat a la prevenci\u00f3n laboral: que han de cambiar las empresas despu\u00e9s de los ultimos temporales de viento.<\/a><\/h2><div class=\"meta\">\n                    <span><i class=\"far fa-calendar-alt\"><\/i> febrero 18, 2026<\/span>\n                <\/div><\/div><\/div><div class=\"eael-post-list-post\"><div class=\"eael-post-list-thumbnail\"><img decoding=\"async\" src=\"https:\/\/www.surpol.com\/wp-content\/uploads\/2026\/01\/simposi.jpg\" alt=\"\"><a href=\"https:\/\/www.surpol.com\/es\/seguridad-y-salud-laboral-un-compromiso-que-no-caduca\/\"><\/a>\n            <\/div><div class=\"eael-post-list-content\"><h2 class=\"eael-post-list-title\"><a href=\"https:\/\/www.surpol.com\/es\/seguridad-y-salud-laboral-un-compromiso-que-no-caduca\/\">Seguridad y salud laboral: un compromiso que no caduca<\/a><\/h2><div class=\"meta\">\n                    <span><i class=\"far fa-calendar-alt\"><\/i> enero 30, 2026<\/span>\n                <\/div><\/div><\/div><div class=\"eael-post-list-post\"><div class=\"eael-post-list-thumbnail\"><img decoding=\"async\" src=\"https:\/\/www.surpol.com\/wp-content\/uploads\/2026\/01\/Curs-Calidad-del-aire-2026_cast.png\" alt=\"\"><a href=\"https:\/\/www.surpol.com\/es\/la-calidad-del-aire-interior-de-la-normativa-a-la-practica\/\"><\/a>\n            <\/div><div class=\"eael-post-list-content\"><h2 class=\"eael-post-list-title\"><a href=\"https:\/\/www.surpol.com\/es\/la-calidad-del-aire-interior-de-la-normativa-a-la-practica\/\">La Calidad del Aire Interior: de la normativa a la pr\u00e1ctica<\/a><\/h2><div class=\"meta\">\n                    <span><i class=\"far fa-calendar-alt\"><\/i> enero 14, 2026<\/span>\n                <\/div><\/div><\/div><div class=\"eael-post-list-post\"><div class=\"eael-post-list-thumbnail\"><img decoding=\"async\" src=\"https:\/\/www.surpol.com\/wp-content\/uploads\/2025\/12\/formacions.jpg\" alt=\"\"><a href=\"https:\/\/www.surpol.com\/es\/formaciones-obligatorias-empresas-2026\/\"><\/a>\n            <\/div><div class=\"eael-post-list-content\"><h2 class=\"eael-post-list-title\"><a href=\"https:\/\/www.surpol.com\/es\/formaciones-obligatorias-empresas-2026\/\">\u00bfQu\u00e9 formaciones son obligatorias para las empresas en 2026?<\/a><\/h2><div class=\"meta\">\n                    <span><i class=\"far fa-calendar-alt\"><\/i> diciembre 8, 2025<\/span>\n                <\/div><\/div><\/div><div class=\"eael-post-list-post\"><div class=\"eael-post-list-thumbnail\"><img decoding=\"async\" src=\"https:\/\/www.surpol.com\/wp-content\/uploads\/2025\/11\/pimec11.jpg\" alt=\"\"><a href=\"https:\/\/www.surpol.com\/es\/surpol-i-marius-marti-avui-presents-a-la-trobada-de-voluntaris-de-la-fundacio-pimec\/\"><\/a>\n            <\/div><div class=\"eael-post-list-content\"><h2 class=\"eael-post-list-title\"><a href=\"https:\/\/www.surpol.com\/es\/surpol-i-marius-marti-avui-presents-a-la-trobada-de-voluntaris-de-la-fundacio-pimec\/\">SURPOL y M\u00e0rius Mart\u00ed, hoy presentes en el \u201cEncuentro de Voluntarios de la Fundaci\u00f3n PIMEC\u201d.<\/a><\/h2><div class=\"meta\">\n                    <span><i class=\"far fa-calendar-alt\"><\/i> noviembre 21, 2025<\/span>\n                <\/div><\/div><\/div><div class=\"eael-post-list-post\"><div class=\"eael-post-list-thumbnail\"><img decoding=\"async\" src=\"https:\/\/www.surpol.com\/wp-content\/uploads\/2025\/11\/WhatsApp-Image-2025-11-19-at-09.37.11-2-1024x768.jpeg\" alt=\"\"><a href=\"https:\/\/www.surpol.com\/es\/sessio-sobre-prl-i-documentacio-empresarial-a-lassociacio-dempreses-installadores-del-valles\/\"><\/a>\n            <\/div><div class=\"eael-post-list-content\"><h2 class=\"eael-post-list-title\"><a href=\"https:\/\/www.surpol.com\/es\/sessio-sobre-prl-i-documentacio-empresarial-a-lassociacio-dempreses-installadores-del-valles\/\">Sesi\u00f3n sobre PRL y documentaci\u00f3n empresarial en la Asociaci\u00f3n de Empresas Instaladoras del Vall\u00e8s<\/a><\/h2><div class=\"meta\">\n                    <span><i class=\"far fa-calendar-alt\"><\/i> noviembre 19, 2025<\/span>\n                <\/div><\/div><\/div><div class=\"eael-post-list-post\"><div class=\"eael-post-list-thumbnail\"><img decoding=\"async\" src=\"https:\/\/www.surpol.com\/wp-content\/uploads\/2025\/10\/prevencio.jpg\" alt=\"\"><a href=\"https:\/\/www.surpol.com\/es\/informacio-sobre-els-riscos-laborals-que-com-i-quan-sha-de-comunicar\/\"><\/a>\n            <\/div><div class=\"eael-post-list-content\"><h2 class=\"eael-post-list-title\"><a href=\"https:\/\/www.surpol.com\/es\/informacio-sobre-els-riscos-laborals-que-com-i-quan-sha-de-comunicar\/\">Informaci\u00f3n sobre los riesgos laborales: qu\u00e9, c\u00f3mo y cu\u00e1ndo se debe comunicar<\/a><\/h2><div class=\"meta\">\n                    <span><i class=\"far fa-calendar-alt\"><\/i> octubre 30, 2025<\/span>\n                <\/div><\/div><\/div><div class=\"eael-post-list-post\"><div class=\"eael-post-list-thumbnail\"><img decoding=\"async\" src=\"https:\/\/www.surpol.com\/wp-content\/uploads\/2025\/10\/revisiometge.jpg\" alt=\"\"><a href=\"https:\/\/www.surpol.com\/es\/ens-prenem-seriosament-els-reconeixements-medics-de-vigilancia-de-la-salut\/\"><\/a>\n            <\/div><div class=\"eael-post-list-content\"><h2 class=\"eael-post-list-title\"><a href=\"https:\/\/www.surpol.com\/es\/ens-prenem-seriosament-els-reconeixements-medics-de-vigilancia-de-la-salut\/\">\u00bfNos tomamos en serio los reconocimientos m\u00e9dicos de vigilancia de la salud?<\/a><\/h2><div class=\"meta\">\n                    <span><i class=\"far fa-calendar-alt\"><\/i> octubre 27, 2025<\/span>\n                <\/div><\/div><\/div><div class=\"eael-post-list-post\"><div class=\"eael-post-list-thumbnail\"><img decoding=\"async\" src=\"https:\/\/www.surpol.com\/wp-content\/uploads\/2025\/10\/epis.jpg\" alt=\"\"><a href=\"https:\/\/www.surpol.com\/es\/epi-obligacions-de-lempresa-i-del-treballador\/\"><\/a>\n            <\/div><div class=\"eael-post-list-content\"><h2 class=\"eael-post-list-title\"><a href=\"https:\/\/www.surpol.com\/es\/epi-obligacions-de-lempresa-i-del-treballador\/\">EPI: obligaciones de la empresa y del trabajador<\/a><\/h2><div class=\"meta\">\n                    <span><i class=\"far fa-calendar-alt\"><\/i> octubre 23, 2025<\/span>\n                <\/div><\/div><\/div><\/div><\/div>\n\t\t<\/div><div class=\"post-list-pagination\"  data-nonce=\"960febfc30\" data-page-id=\"3587\" data-widget-id=\"97c4e72\" data-template=\"{\"dir\":\"pro\",\"file_name\":\"default.php\",\"name\":\"post-list\"}\" data-widget=\"97c4e72\" data-class=\"Essential_Addons_Elementor\\Pro\\Elements\\Post_List\" data-args=\"orderby=date&order=desc&ignore_sticky_posts=1&post_status=publish&posts_per_page=9&offset=0&post_type=post&tax_query%5B0%5D%5Btaxonomy%5D=category&tax_query%5B0%5D%5Bfield%5D=term_id&tax_query%5B0%5D%5Bterms%5D%5B0%5D=10&tax_query%5Brelation%5D=AND\" data-settings=\"eael_post_list_post_feature_image=yes&eael_post_list_post_meta=yes&eael_post_list_post_title=yes&eael_post_list_post_excerpt=&eael_post_list_featured_area=yes&eael_post_list_featured_meta=yes&eael_post_list_featured_title=yes&eael_post_list_featured_excerpt=no&featured_posts=&eael_post_list_pagination=yes&eael_post_list_layout_type=default&eael_post_list_post_cat=&eael_post_list_title_tag=h2&eael_post_featured_image_size=large\" data-page=\"1\" data-scroll-on-pagination=\"0\" data-scroll-offset=\"100\" >\n                <button class=\"btn btn-prev-post\" id=\"post-nav-prev-97c4e72\" disabled=\"true\"><i aria-hidden=\"true\" class=\"fas fa-angle-left\"><\/i><\/button><button class=\"btn btn-next-post\" id=\"post-nav-next-97c4e72\"><i aria-hidden=\"true\" class=\"fas fa-angle-right\"><\/i><\/button>\n\t\t\t<\/div>\t\t\t\t<\/div>\n\t\t\t\t<\/div>\n\t\t\t\t\t<\/div>\n\t\t<\/div>\n\t\t\t\t\t<\/div>\n\t\t<\/section>\n\t\t\t\t<\/div>","protected":false},"excerpt":{"rendered":"<p>Cuando la gesti\u00f3n de redes sociales se convierte en una carga emocional<\/p>","protected":false},"author":2,"featured_media":3589,"comment_status":"closed","ping_status":"closed","sticky":false,"template":"","format":"standard","meta":{"footnotes":""},"categories":[10],"tags":[],"class_list":["post-3587","post","type-post","status-publish","format-standard","has-post-thumbnail","hentry","category-blog"],"yoast_head":"<!-- This site is optimized with the Yoast SEO Premium plugin v22.9 (Yoast SEO v27.3) - https:\/\/yoast.com\/product\/yoast-seo-premium-wordpress\/ -->\n<title>L\u2019estr\u00e8s invisible dels community managers - Surpol<\/title>\n<meta name=\"description\" content=\"Un nou i lamentable desastre a les vies del tren, aquesta vegada amb una altra v\u00edctima mortal.\" \/>\n<meta name=\"robots\" content=\"index, follow, max-snippet:-1, max-image-preview:large, max-video-preview:-1\" \/>\n<link rel=\"canonical\" href=\"https:\/\/www.surpol.com\/es\/el-estres-invisible-de-los-community-managers\/\" \/>\n<meta property=\"og:locale\" content=\"es_ES\" \/>\n<meta property=\"og:type\" content=\"article\" \/>\n<meta property=\"og:title\" content=\"L\u2019estr\u00e8s invisible dels community managers\" \/>\n<meta property=\"og:description\" content=\"Un nou i lamentable desastre a les vies del tren, aquesta vegada amb una altra v\u00edctima mortal.\" \/>\n<meta property=\"og:url\" content=\"https:\/\/www.surpol.com\/es\/el-estres-invisible-de-los-community-managers\/\" \/>\n<meta property=\"og:site_name\" content=\"Surpol\" \/>\n<meta property=\"article:published_time\" content=\"2025-04-17T14:34:24+00:00\" \/>\n<meta property=\"article:modified_time\" content=\"2025-06-02T07:55:05+00:00\" \/>\n<meta property=\"og:image\" content=\"https:\/\/www.surpol.com\/wp-content\/uploads\/2025\/04\/cm-surpol.jpg\" \/>\n\t<meta property=\"og:image:width\" content=\"345\" \/>\n\t<meta property=\"og:image:height\" content=\"219\" \/>\n\t<meta property=\"og:image:type\" content=\"image\/jpeg\" \/>\n<meta name=\"author\" content=\"Merc\u00e8 Vila\" \/>\n<meta name=\"twitter:card\" content=\"summary_large_image\" \/>\n<meta name=\"twitter:label1\" content=\"Escrito por\" \/>\n\t<meta name=\"twitter:data1\" content=\"Merc\u00e8 Vila\" \/>\n\t<meta name=\"twitter:label2\" content=\"Tiempo de lectura\" \/>\n\t<meta name=\"twitter:data2\" content=\"2 minutos\" \/>\n<script type=\"application\/ld+json\" class=\"yoast-schema-graph\">{\"@context\":\"https:\\\/\\\/schema.org\",\"@graph\":[{\"@type\":\"Article\",\"@id\":\"https:\\\/\\\/www.surpol.com\\\/lestres-invisible-dels-community-managers\\\/#article\",\"isPartOf\":{\"@id\":\"https:\\\/\\\/www.surpol.com\\\/lestres-invisible-dels-community-managers\\\/\"},\"author\":{\"name\":\"Merc\u00e8 Vila\",\"@id\":\"https:\\\/\\\/www.surpol.com\\\/#\\\/schema\\\/person\\\/8c30e99ec97ff6e12d2e689834220029\"},\"headline\":\"L\u2019estr\u00e8s invisible dels community managers\",\"datePublished\":\"2025-04-17T14:34:24+00:00\",\"dateModified\":\"2025-06-02T07:55:05+00:00\",\"mainEntityOfPage\":{\"@id\":\"https:\\\/\\\/www.surpol.com\\\/lestres-invisible-dels-community-managers\\\/\"},\"wordCount\":346,\"publisher\":{\"@id\":\"https:\\\/\\\/www.surpol.com\\\/#organization\"},\"image\":{\"@id\":\"https:\\\/\\\/www.surpol.com\\\/lestres-invisible-dels-community-managers\\\/#primaryimage\"},\"thumbnailUrl\":\"https:\\\/\\\/www.surpol.com\\\/wp-content\\\/uploads\\\/2025\\\/04\\\/cm-surpol.jpg\",\"articleSection\":[\"Blog\"],\"inLanguage\":\"es\"},{\"@type\":\"WebPage\",\"@id\":\"https:\\\/\\\/www.surpol.com\\\/lestres-invisible-dels-community-managers\\\/\",\"url\":\"https:\\\/\\\/www.surpol.com\\\/lestres-invisible-dels-community-managers\\\/\",\"name\":\"L\u2019estr\u00e8s invisible dels community managers - Surpol\",\"isPartOf\":{\"@id\":\"https:\\\/\\\/www.surpol.com\\\/#website\"},\"primaryImageOfPage\":{\"@id\":\"https:\\\/\\\/www.surpol.com\\\/lestres-invisible-dels-community-managers\\\/#primaryimage\"},\"image\":{\"@id\":\"https:\\\/\\\/www.surpol.com\\\/lestres-invisible-dels-community-managers\\\/#primaryimage\"},\"thumbnailUrl\":\"https:\\\/\\\/www.surpol.com\\\/wp-content\\\/uploads\\\/2025\\\/04\\\/cm-surpol.jpg\",\"datePublished\":\"2025-04-17T14:34:24+00:00\",\"dateModified\":\"2025-06-02T07:55:05+00:00\",\"description\":\"Un nou i lamentable desastre a les vies del tren, aquesta vegada amb una altra v\u00edctima mortal.\",\"breadcrumb\":{\"@id\":\"https:\\\/\\\/www.surpol.com\\\/lestres-invisible-dels-community-managers\\\/#breadcrumb\"},\"inLanguage\":\"es\",\"potentialAction\":[{\"@type\":\"ReadAction\",\"target\":[\"https:\\\/\\\/www.surpol.com\\\/lestres-invisible-dels-community-managers\\\/\"]}]},{\"@type\":\"ImageObject\",\"inLanguage\":\"es\",\"@id\":\"https:\\\/\\\/www.surpol.com\\\/lestres-invisible-dels-community-managers\\\/#primaryimage\",\"url\":\"https:\\\/\\\/www.surpol.com\\\/wp-content\\\/uploads\\\/2025\\\/04\\\/cm-surpol.jpg\",\"contentUrl\":\"https:\\\/\\\/www.surpol.com\\\/wp-content\\\/uploads\\\/2025\\\/04\\\/cm-surpol.jpg\",\"width\":345,\"height\":219},{\"@type\":\"BreadcrumbList\",\"@id\":\"https:\\\/\\\/www.surpol.com\\\/lestres-invisible-dels-community-managers\\\/#breadcrumb\",\"itemListElement\":[{\"@type\":\"ListItem\",\"position\":1,\"name\":\"Inici\",\"item\":\"https:\\\/\\\/www.surpol.com\\\/\"},{\"@type\":\"ListItem\",\"position\":2,\"name\":\"L\u2019estr\u00e8s invisible dels community managers\"}]},{\"@type\":\"WebSite\",\"@id\":\"https:\\\/\\\/www.surpol.com\\\/#website\",\"url\":\"https:\\\/\\\/www.surpol.com\\\/\",\"name\":\"Surpol - Prevenci\u00f3 en Riscos Laborals\",\"description\":\"Prevenci\u00f3 de riscos laborals\",\"publisher\":{\"@id\":\"https:\\\/\\\/www.surpol.com\\\/#organization\"},\"alternateName\":\"Surpol - Gestion PRL\",\"potentialAction\":[{\"@type\":\"SearchAction\",\"target\":{\"@type\":\"EntryPoint\",\"urlTemplate\":\"https:\\\/\\\/www.surpol.com\\\/?s={search_term_string}\"},\"query-input\":{\"@type\":\"PropertyValueSpecification\",\"valueRequired\":true,\"valueName\":\"search_term_string\"}}],\"inLanguage\":\"es\"},{\"@type\":\"Organization\",\"@id\":\"https:\\\/\\\/www.surpol.com\\\/#organization\",\"name\":\"Surpol\",\"url\":\"https:\\\/\\\/www.surpol.com\\\/\",\"logo\":{\"@type\":\"ImageObject\",\"inLanguage\":\"es\",\"@id\":\"https:\\\/\\\/www.surpol.com\\\/#\\\/schema\\\/logo\\\/image\\\/\",\"url\":\"https:\\\/\\\/www.surpol.com\\\/wp-content\\\/uploads\\\/2024\\\/01\\\/cropped-logo4.png\",\"contentUrl\":\"https:\\\/\\\/www.surpol.com\\\/wp-content\\\/uploads\\\/2024\\\/01\\\/cropped-logo4.png\",\"width\":500,\"height\":268,\"caption\":\"Surpol\"},\"image\":{\"@id\":\"https:\\\/\\\/www.surpol.com\\\/#\\\/schema\\\/logo\\\/image\\\/\"}},{\"@type\":\"Person\",\"@id\":\"https:\\\/\\\/www.surpol.com\\\/#\\\/schema\\\/person\\\/8c30e99ec97ff6e12d2e689834220029\",\"name\":\"Merc\u00e8 Vila\",\"image\":{\"@type\":\"ImageObject\",\"inLanguage\":\"es\",\"@id\":\"https:\\\/\\\/secure.gravatar.com\\\/avatar\\\/8ebb4522bbe208c6b9cd4eff82f35c07a4c25e9446688402c20a7b6570acdb11?s=96&d=mm&r=g\",\"url\":\"https:\\\/\\\/secure.gravatar.com\\\/avatar\\\/8ebb4522bbe208c6b9cd4eff82f35c07a4c25e9446688402c20a7b6570acdb11?s=96&d=mm&r=g\",\"contentUrl\":\"https:\\\/\\\/secure.gravatar.com\\\/avatar\\\/8ebb4522bbe208c6b9cd4eff82f35c07a4c25e9446688402c20a7b6570acdb11?s=96&d=mm&r=g\",\"caption\":\"Merc\u00e8 Vila\"},\"url\":\"https:\\\/\\\/www.surpol.com\\\/es\\\/author\\\/heitu\\\/\"}]}<\/script>\n<!-- \/ Yoast SEO Premium plugin. -->","yoast_head_json":{"title":"El estr\u00e9s invisible de los community managers - Surpol","description":"Curso online LGTBI legal y bonificado para empresas. Obligatorio si tienes m\u00e1s de 50 trabajadores. Disponible en catal\u00e1n, castellano e ingl\u00e9s.","robots":{"index":"index","follow":"follow","max-snippet":"max-snippet:-1","max-image-preview":"max-image-preview:large","max-video-preview":"max-video-preview:-1"},"canonical":"https:\/\/www.surpol.com\/es\/el-estres-invisible-de-los-community-managers\/","og_locale":"es_ES","og_type":"article","og_title":"L\u2019estr\u00e8s invisible dels community managers","og_description":"Un nou i lamentable desastre a les vies del tren, aquesta vegada amb una altra v\u00edctima mortal.","og_url":"https:\/\/www.surpol.com\/es\/el-estres-invisible-de-los-community-managers\/","og_site_name":"Surpol","article_published_time":"2025-04-17T14:34:24+00:00","article_modified_time":"2025-06-02T07:55:05+00:00","og_image":[{"width":345,"height":219,"url":"https:\/\/www.surpol.com\/wp-content\/uploads\/2025\/04\/cm-surpol.jpg","type":"image\/jpeg"}],"author":"Merc\u00e8 Vila","twitter_card":"summary_large_image","twitter_misc":{"Escrito por":"Merc\u00e8 Vila","Tiempo de lectura":"2 minutos"},"schema":{"@context":"https:\/\/schema.org","@graph":[{"@type":"Article","@id":"https:\/\/www.surpol.com\/lestres-invisible-dels-community-managers\/#article","isPartOf":{"@id":"https:\/\/www.surpol.com\/lestres-invisible-dels-community-managers\/"},"author":{"name":"Merc\u00e8 Vila","@id":"https:\/\/www.surpol.com\/#\/schema\/person\/8c30e99ec97ff6e12d2e689834220029"},"headline":"L\u2019estr\u00e8s invisible dels community managers","datePublished":"2025-04-17T14:34:24+00:00","dateModified":"2025-06-02T07:55:05+00:00","mainEntityOfPage":{"@id":"https:\/\/www.surpol.com\/lestres-invisible-dels-community-managers\/"},"wordCount":346,"publisher":{"@id":"https:\/\/www.surpol.com\/#organization"},"image":{"@id":"https:\/\/www.surpol.com\/lestres-invisible-dels-community-managers\/#primaryimage"},"thumbnailUrl":"https:\/\/www.surpol.com\/wp-content\/uploads\/2025\/04\/cm-surpol.jpg","articleSection":["Blog"],"inLanguage":"es"},{"@type":"WebPage","@id":"https:\/\/www.surpol.com\/lestres-invisible-dels-community-managers\/","url":"https:\/\/www.surpol.com\/lestres-invisible-dels-community-managers\/","name":"El estr\u00e9s invisible de los community managers - Surpol","isPartOf":{"@id":"https:\/\/www.surpol.com\/#website"},"primaryImageOfPage":{"@id":"https:\/\/www.surpol.com\/lestres-invisible-dels-community-managers\/#primaryimage"},"image":{"@id":"https:\/\/www.surpol.com\/lestres-invisible-dels-community-managers\/#primaryimage"},"thumbnailUrl":"https:\/\/www.surpol.com\/wp-content\/uploads\/2025\/04\/cm-surpol.jpg","datePublished":"2025-04-17T14:34:24+00:00","dateModified":"2025-06-02T07:55:05+00:00","description":"Curso online LGTBI legal y bonificado para empresas. Obligatorio si tienes m\u00e1s de 50 trabajadores. Disponible en catal\u00e1n, castellano e ingl\u00e9s.","breadcrumb":{"@id":"https:\/\/www.surpol.com\/lestres-invisible-dels-community-managers\/#breadcrumb"},"inLanguage":"es","potentialAction":[{"@type":"ReadAction","target":["https:\/\/www.surpol.com\/lestres-invisible-dels-community-managers\/"]}]},{"@type":"ImageObject","inLanguage":"es","@id":"https:\/\/www.surpol.com\/lestres-invisible-dels-community-managers\/#primaryimage","url":"https:\/\/www.surpol.com\/wp-content\/uploads\/2025\/04\/cm-surpol.jpg","contentUrl":"https:\/\/www.surpol.com\/wp-content\/uploads\/2025\/04\/cm-surpol.jpg","width":345,"height":219},{"@type":"BreadcrumbList","@id":"https:\/\/www.surpol.com\/lestres-invisible-dels-community-managers\/#breadcrumb","itemListElement":[{"@type":"ListItem","position":1,"name":"Inici","item":"https:\/\/www.surpol.com\/"},{"@type":"ListItem","position":2,"name":"L\u2019estr\u00e8s invisible dels community managers"}]},{"@type":"WebSite","@id":"https:\/\/www.surpol.com\/#website","url":"https:\/\/www.surpol.com\/","name":"Surpol - Prevenci\u00f3 en Riscos Laborals","description":"Prevenci\u00f3 de riscos laborals","publisher":{"@id":"https:\/\/www.surpol.com\/#organization"},"alternateName":"Surpol - Gestion PRL","potentialAction":[{"@type":"SearchAction","target":{"@type":"EntryPoint","urlTemplate":"https:\/\/www.surpol.com\/?s={search_term_string}"},"query-input":{"@type":"PropertyValueSpecification","valueRequired":true,"valueName":"search_term_string"}}],"inLanguage":"es"},{"@type":"Organization","@id":"https:\/\/www.surpol.com\/#organization","name":"Surpol","url":"https:\/\/www.surpol.com\/","logo":{"@type":"ImageObject","inLanguage":"es","@id":"https:\/\/www.surpol.com\/#\/schema\/logo\/image\/","url":"https:\/\/www.surpol.com\/wp-content\/uploads\/2024\/01\/cropped-logo4.png","contentUrl":"https:\/\/www.surpol.com\/wp-content\/uploads\/2024\/01\/cropped-logo4.png","width":500,"height":268,"caption":"Surpol"},"image":{"@id":"https:\/\/www.surpol.com\/#\/schema\/logo\/image\/"}},{"@type":"Person","@id":"https:\/\/www.surpol.com\/#\/schema\/person\/8c30e99ec97ff6e12d2e689834220029","name":"Merc\u00e8 Vila","image":{"@type":"ImageObject","inLanguage":"es","@id":"https:\/\/secure.gravatar.com\/avatar\/8ebb4522bbe208c6b9cd4eff82f35c07a4c25e9446688402c20a7b6570acdb11?s=96&d=mm&r=g","url":"https:\/\/secure.gravatar.com\/avatar\/8ebb4522bbe208c6b9cd4eff82f35c07a4c25e9446688402c20a7b6570acdb11?s=96&d=mm&r=g","contentUrl":"https:\/\/secure.gravatar.com\/avatar\/8ebb4522bbe208c6b9cd4eff82f35c07a4c25e9446688402c20a7b6570acdb11?s=96&d=mm&r=g","caption":"Merc\u00e8 Vila"},"url":"https:\/\/www.surpol.com\/es\/author\/heitu\/"}]}},"_links":{"self":[{"href":"https:\/\/www.surpol.com\/es\/wp-json\/wp\/v2\/posts\/3587","targetHints":{"allow":["GET"]}}],"collection":[{"href":"https:\/\/www.surpol.com\/es\/wp-json\/wp\/v2\/posts"}],"about":[{"href":"https:\/\/www.surpol.com\/es\/wp-json\/wp\/v2\/types\/post"}],"author":[{"embeddable":true,"href":"https:\/\/www.surpol.com\/es\/wp-json\/wp\/v2\/users\/2"}],"replies":[{"embeddable":true,"href":"https:\/\/www.surpol.com\/es\/wp-json\/wp\/v2\/comments?post=3587"}],"version-history":[{"count":10,"href":"https:\/\/www.surpol.com\/es\/wp-json\/wp\/v2\/posts\/3587\/revisions"}],"predecessor-version":[{"id":3869,"href":"https:\/\/www.surpol.com\/es\/wp-json\/wp\/v2\/posts\/3587\/revisions\/3869"}],"wp:featuredmedia":[{"embeddable":true,"href":"https:\/\/www.surpol.com\/es\/wp-json\/wp\/v2\/media\/3589"}],"wp:attachment":[{"href":"https:\/\/www.surpol.com\/es\/wp-json\/wp\/v2\/media?parent=3587"}],"wp:term":[{"taxonomy":"category","embeddable":true,"href":"https:\/\/www.surpol.com\/es\/wp-json\/wp\/v2\/categories?post=3587"},{"taxonomy":"post_tag","embeddable":true,"href":"https:\/\/www.surpol.com\/es\/wp-json\/wp\/v2\/tags?post=3587"}],"curies":[{"name":"wp","href":"https:\/\/api.w.org\/{rel}","templated":true}]}}